{"id":153,"date":"2007-02-09T18:02:40","date_gmt":"2007-02-10T00:02:40","guid":{"rendered":"http:\/\/diariodevurgos.com\/dvwps\/burgos-represion-a-la-solidaridad-entre-explotados.php"},"modified":"2007-02-12T02:18:24","modified_gmt":"2007-02-12T08:18:24","slug":"burgos-represion-a-la-solidaridad-entre-explotados","status":"publish","type":"post","link":"https:\/\/diariodevurgos.com\/dvwps\/burgos-represion-a-la-solidaridad-entre-explotados.php","title":{"rendered":"Represi\u00f3n a la solidaridad entre explotados"},"content":{"rendered":"<p class=\"MsoNormal\" class=\"lead\"><img align=\"right\" alt=\"anarquiallave.jpg\" title=\"anarquiallave.jpg\" src=\"http:\/\/diariodevurgos.com\/dvwps\/wp-content\/uploads\/2007\/02\/anarquiallave.miniatura.jpg\" \/>El pasado martes 6 de febrero fue detenida-secuestrada por 4 polic\u00ed\u00adas de paisano una persona mientras se dirig\u00ed\u00ada a su trabajo, en el momento de la detenci\u00f3n se la inform\u00f3 que era por un delito de amenazas y fue obligada a meterse en el coche.<\/p>\n<p class=\"MsoNormal\">Ya se encuentra en libertad a la espera de juicio.<\/p>\n<p class=\"MsoNormal\"><!--more--><\/p>\n<p class=\"MsoNormal\">\n<p class=\"MsoNormal\"><u>AMENAZAS <\/u><\/p>\n<p class=\"MsoNormal\">El conflicto que la Asamblea de Solidaridad Permanente mantiene con el hostelero Carlos Manzanedo (hotel versus) es la causa de esta represi\u00f3n.<\/p>\n<p class=\"MsoNormal\">Son muchos s\u00e1bados a las puertas del hotel y muchos s\u00e1bados con el restaurante vac\u00ed\u00ado.<\/p>\n<p class=\"MsoNormal\">Todos los s\u00e1bados aparece la polic\u00ed\u00ada, incluso en una ocasi\u00f3n los all\u00ed\u00ad presentes fueron registrados a petici\u00f3n del hostelero por llevar presuntamente palos con los que era amenazado, la sorpresa fue cuando en las mochilas no hab\u00ed\u00ada m\u00e1s que fruta y comida. \u00bfmagia o mentiras?<\/p>\n<p class=\"MsoNormal\">Adem\u00e1s ya son dos los coches pillados infraganti grabando desde lejos a l*s concentrad*s y que tienen que esfumarse picando rueda cuando los all\u00ed\u00ad concentrad*s salieron a la carrera a por ellos.<\/p>\n<p class=\"MsoNormal\">Este \u00faltimo fin de semana la familia hostelera sali\u00f3 en actitud amenazante a sacar fotos y hubo un intercambio de fotos entre unos y otros, sin m\u00e1s. Pues bien, el hostelero llam\u00f3 por segunda vez a la polic\u00ed\u00ada y cuando lleg\u00f3 denunci\u00f3 que recibi\u00f3 amenazas directas &#8220;la pr\u00f3xima foto te la sacar\u00e1 el forense&#8221;\u009d fue lo que este imaginativo empresario dijo a los defensores del capital y del rico.<\/p>\n<p class=\"MsoNormal\">As\u00ed\u00ad de sencillo ni pruebas ni nada.<\/p>\n<p class=\"MsoNormal\">\u00bfQu\u00e9 pasa cuando una denuncia es interpuesta a alguien influyente?, \u00bfir\u00ed\u00ada la polic\u00ed\u00ada a buscar al due\u00f1o de este restaurante a su casa?.<\/p>\n<p class=\"MsoNormal\">\u00bfQui\u00e9n debe sentirse amenazado?<\/p>\n<p class=\"MsoNormal\">El hostelero ya amenaz\u00f3 a los trabajadores de que no encontrar\u00ed\u00adan trabajo en Burgos si se le molestaba adem\u00e1s los coches grabando pueden ser tanto polic\u00ed\u00adas como matones o ambas cosas, contratados para realizar su trabajo.<\/p>\n<p class=\"MsoNormal\"><em>El polic\u00ed\u00ada no es un trabajador, es un mercenario.<\/em><\/p>\n<p class=\"MsoNormal\">&#8220;Somos unos mandaos&#8221;\u009d suelen decir, pero como bien saben aqu\u00ed\u00ad nadie es inocente y cada uno elige donde trabajar y lo que producir. Claramente el polic\u00ed\u00ada no muerde la mano que le da de comer.<\/p>\n<p class=\"MsoNormal\">Quiz\u00e1s a la se\u00f1orita Berta Tricio le interese saber la actitud intimidatoria de sobretodo uno de sus matones cuando una vez finalizada la concentraci\u00f3n del anterior s\u00e1bado el polic\u00ed\u00ada jovencito con un toro y una bandera espa\u00f1ola en la culata de su pistola pretend\u00ed\u00ada seguir a los coches cuando ya se iban (no lo consigui\u00f3).<\/p>\n<p class=\"MsoNormal\">Carlos Manzanedo afirm\u00f3 a la polic\u00ed\u00ada sentirse amenazado porque la noticia ha salido publicada en varias p\u00e1ginas contrainformativas.<\/p>\n<p class=\"MsoNormal\">Desde la  Asamblea de Solidaridad Permanente de Burgos se exige al Empresario Carlos Manzanedo que pague inmediatamente lo que debe a los trabajadores y que retire las denuncias.<\/p>\n<p><em><strong> hotel Versus- telf. 947 474 977<br \/>\nFax- 947 474 978<br \/>\ne-mail- info@hotelversus.com<\/strong><\/em><\/p>\n<p><em><strong>Llama!!!!!!!!!!!!!!!!!!!!!!!!!!!!<\/strong><\/em><\/p>\n<p><em><\/em><\/p>\n<p class=\"MsoNormal\"><strong>Concentraci\u00f3n- S\u00e1bado 10 de Febrero a las 14 horas en las puertas del hotel Versus. <\/strong><\/p>\n<p class=\"MsoNormal\"><strong>Atent*s a la pr\u00f3xima convocatoria ante el juicio contra nuestra compa\u00f1era<\/strong><\/p>\n<p class=\"MsoNormal\"><strong> <\/strong><\/p>\n<p class=\"MsoNormal\"><strong>Versus paga ya y d\u00e9jate de ostias!!!! (cuanto m\u00e1s tardes m\u00e1s pierdes)<\/strong><\/p>\n<p class=\"MsoNormal\"><strong>Torres m\u00e1s altas ya han ca\u00ed\u00addo!!!<\/strong><\/p>\n<p class=\"MsoNormal\"><strong>Por la solidaridad entre explotad@s!!!<\/strong><\/p>\n<p align=\"right\" class=\"MsoNormal\"><strong>Ni partidos ni sindicatos!!!!                          Asambleas y piquetes!!!<\/strong><\/p>\n","protected":false},"excerpt":{"rendered":"<p>El pasado martes 6 de febrero fue detenida-secuestrada por 4 polic\u00ed\u00adas de paisano una persona mientras se dirig\u00ed\u00ada a su trabajo, en el momento de la detenci\u00f3n se la inform\u00f3 que era por un delito de amenazas y fue obligada a meterse en el coche. Ya se encuentra en libertad a la espera de juicio.<\/p>\n","protected":false},"author":3,"featured_media":0,"comment_status":"open","ping_status":"open","sticky":false,"template":"","format":"standard","meta":[],"categories":[2,11],"tags":[],"_links":{"self":[{"href":"https:\/\/diariodevurgos.com\/dvwps\/wp-json\/wp\/v2\/posts\/153"}],"collection":[{"href":"https:\/\/diariodevurgos.com\/dvwps\/wp-json\/wp\/v2\/posts"}],"about":[{"href":"https:\/\/diariodevurgos.com\/dvwps\/wp-json\/wp\/v2\/types\/post"}],"author":[{"embeddable":true,"href":"https:\/\/diariodevurgos.com\/dvwps\/wp-json\/wp\/v2\/users\/3"}],"replies":[{"embeddable":true,"href":"https:\/\/diariodevurgos.com\/dvwps\/wp-json\/wp\/v2\/comments?post=153"}],"version-history":[{"count":0,"href":"https:\/\/diariodevurgos.com\/dvwps\/wp-json\/wp\/v2\/posts\/153\/revisions"}],"wp:attachment":[{"href":"https:\/\/diariodevurgos.com\/dvwps\/wp-json\/wp\/v2\/media?parent=153"}],"wp:term":[{"taxonomy":"category","embeddable":true,"href":"https:\/\/diariodevurgos.com\/dvwps\/wp-json\/wp\/v2\/categories?post=153"},{"taxonomy":"post_tag","embeddable":true,"href":"https:\/\/diariodevurgos.com\/dvwps\/wp-json\/wp\/v2\/tags?post=153"}],"curies":[{"name":"wp","href":"https:\/\/api.w.org\/{rel}","templated":true}]}}