{"id":15315,"date":"2015-09-28T17:28:37","date_gmt":"2015-09-28T16:28:37","guid":{"rendered":"http:\/\/diariodevurgos.com\/dvwps\/?p=15315"},"modified":"2015-09-28T17:28:37","modified_gmt":"2015-09-28T16:28:37","slug":"una-mirada-a-los-ninos-de-la-calle-de-melilla-charla-en-el-csr-gamonal","status":"publish","type":"post","link":"https:\/\/diariodevurgos.com\/dvwps\/una-mirada-a-los-ninos-de-la-calle-de-melilla-charla-en-el-csr-gamonal.php","title":{"rendered":"Una mirada a los ni\u00f1os de la calle de Melilla. Charla en el CSR Gamonal"},"content":{"rendered":"<p class=\"lead\">El<strong> Centro Social Recuperado Gamonal<\/strong> prosigue adelante con la programaci\u00f3n con la que desde hace ya a\u00f1o y medioa\u00a0 ha logrado convertirse en alternativa cultural en el barrio y con la que\u00a0 actualmente est\u00e1 revindicando el mantenimiento de este espacio abierto a los vecinos frente a la amenaza de desalojo. Este <strong>jueves 1 de octubre<\/strong> a partir de las <strong>20.00 horas<\/strong> tendr\u00e1 lugar la charla <em>Una mirada hacia los ni\u00f1os de la calle de Melilla<\/em> que correr\u00e1 a cargo de una activista de la asociaci\u00f3n Aprodein y que expondr\u00e1 el actual estado de la cuesti\u00f3n de los ni\u00f1os de la calle en esta ciudad aut\u00f3noma.<\/p>\n<p style=\"text-align: center;\"><a href=\"http:\/\/diariodevurgos.com\/dvwps\/wp-content\/uploads\/2015\/09\/1_Octubre1.jpg\"><img loading=\"lazy\" class=\"aligncenter  wp-image-15316\" src=\"http:\/\/diariodevurgos.com\/dvwps\/wp-content\/uploads\/2015\/09\/1_Octubre1.jpg\" alt=\"1_Octubre\" width=\"438\" height=\"310\" srcset=\"https:\/\/diariodevurgos.com\/dvwps\/wp-content\/uploads\/2015\/09\/1_Octubre1.jpg 1279w, https:\/\/diariodevurgos.com\/dvwps\/wp-content\/uploads\/2015\/09\/1_Octubre1-300x212.jpg 300w, https:\/\/diariodevurgos.com\/dvwps\/wp-content\/uploads\/2015\/09\/1_Octubre1-1024x725.jpg 1024w, https:\/\/diariodevurgos.com\/dvwps\/wp-content\/uploads\/2015\/09\/1_Octubre1-100x71.jpg 100w, https:\/\/diariodevurgos.com\/dvwps\/wp-content\/uploads\/2015\/09\/1_Octubre1-150x106.jpg 150w, https:\/\/diariodevurgos.com\/dvwps\/wp-content\/uploads\/2015\/09\/1_Octubre1-200x142.jpg 200w, https:\/\/diariodevurgos.com\/dvwps\/wp-content\/uploads\/2015\/09\/1_Octubre1-450x318.jpg 450w, https:\/\/diariodevurgos.com\/dvwps\/wp-content\/uploads\/2015\/09\/1_Octubre1-600x425.jpg 600w, https:\/\/diariodevurgos.com\/dvwps\/wp-content\/uploads\/2015\/09\/1_Octubre1-900x637.jpg 900w\" sizes=\"(max-width: 438px) 100vw, 438px\" \/><\/a><\/p>\n<p>&nbsp;<\/p>\n","protected":false},"excerpt":{"rendered":"<p>El Centro Social Recuperado Gamonal prosigue adelante con la programaci\u00f3n con la que desde hace ya a\u00f1o y medioa\u00a0 ha logrado convertirse en alternativa cultural en el barrio y con la que\u00a0 actualmente est\u00e1 revindicando el mantenimiento de este espacio abierto a los vecinos frente a la amenaza de desalojo. Este jueves 1 de octubre&#8230;  <a href=\"https:\/\/diariodevurgos.com\/dvwps\/una-mirada-a-los-ninos-de-la-calle-de-melilla-charla-en-el-csr-gamonal.php\" class=\"more-link\" title=\"Read Una mirada a los ni\u00f1os de la calle de Melilla. Charla en el CSR Gamonal\">Read more &raquo;<\/a><\/p>\n","protected":false},"author":2,"featured_media":0,"comment_status":"open","ping_status":"closed","sticky":false,"template":"","format":"standard","meta":[],"categories":[61,2,57,78,27],"tags":[],"_links":{"self":[{"href":"https:\/\/diariodevurgos.com\/dvwps\/wp-json\/wp\/v2\/posts\/15315"}],"collection":[{"href":"https:\/\/diariodevurgos.com\/dvwps\/wp-json\/wp\/v2\/posts"}],"about":[{"href":"https:\/\/diariodevurgos.com\/dvwps\/wp-json\/wp\/v2\/types\/post"}],"author":[{"embeddable":true,"href":"https:\/\/diariodevurgos.com\/dvwps\/wp-json\/wp\/v2\/users\/2"}],"replies":[{"embeddable":true,"href":"https:\/\/diariodevurgos.com\/dvwps\/wp-json\/wp\/v2\/comments?post=15315"}],"version-history":[{"count":1,"href":"https:\/\/diariodevurgos.com\/dvwps\/wp-json\/wp\/v2\/posts\/15315\/revisions"}],"predecessor-version":[{"id":15317,"href":"https:\/\/diariodevurgos.com\/dvwps\/wp-json\/wp\/v2\/posts\/15315\/revisions\/15317"}],"wp:attachment":[{"href":"https:\/\/diariodevurgos.com\/dvwps\/wp-json\/wp\/v2\/media?parent=15315"}],"wp:term":[{"taxonomy":"category","embeddable":true,"href":"https:\/\/diariodevurgos.com\/dvwps\/wp-json\/wp\/v2\/categories?post=15315"},{"taxonomy":"post_tag","embeddable":true,"href":"https:\/\/diariodevurgos.com\/dvwps\/wp-json\/wp\/v2\/tags?post=15315"}],"curies":[{"name":"wp","href":"https:\/\/api.w.org\/{rel}","templated":true}]}}