{"id":15322,"date":"2015-10-02T10:02:56","date_gmt":"2015-10-02T09:02:56","guid":{"rendered":"http:\/\/diariodevurgos.com\/dvwps\/?p=15322"},"modified":"2015-10-02T10:02:56","modified_gmt":"2015-10-02T09:02:56","slug":"homenaje-a-felix-padin-en-miaranda-de-ebro","status":"publish","type":"post","link":"https:\/\/diariodevurgos.com\/dvwps\/homenaje-a-felix-padin-en-miaranda-de-ebro.php","title":{"rendered":"Homenaje a F\u00e9lix Pad\u00ed\u00adn en Miaranda de Ebro"},"content":{"rendered":"<p class=\"lead\">El pr\u00f3ximo <strong>mi\u00e9rcoles 7 de octubre de 2015<\/strong> se rendir\u00e1 un homenaje a <a href=\"http:\/\/ondaexpansiva.net\/?p=65\">F\u00e9lix Pad\u00ed\u00adn<\/a>, hist\u00f3rico militante anarcosindicalista fallecido el a\u00f1o pasado, en la localidad de Miranda de Ebro, en cuyo campo de concentraci\u00f3n F\u00e9lix estuvo recluido durante varios a\u00f1os y donde se realizar\u00e1 un acto en su memoria. El homenaje, organizado por la <a href=\"http:\/\/burgos.cnt.es\/node\/417\">CNT mirandesa<\/a>, proseguir\u00e1 con una charla sobre la Memoria Hist\u00f3rica.<\/p>\n<p style=\"text-align: center;\"><a href=\"http:\/\/diariodevurgos.com\/dvwps\/wp-content\/uploads\/2015\/10\/Cartel_homenaje_Felix_Padin_2015.jpg\"><img loading=\"lazy\" class=\"aligncenter  wp-image-15323\" src=\"http:\/\/diariodevurgos.com\/dvwps\/wp-content\/uploads\/2015\/10\/Cartel_homenaje_Felix_Padin_2015.jpg\" alt=\"Cartel_homenaje_Felix_Padin_2015\" width=\"345\" height=\"488\" srcset=\"https:\/\/diariodevurgos.com\/dvwps\/wp-content\/uploads\/2015\/10\/Cartel_homenaje_Felix_Padin_2015.jpg 1131w, https:\/\/diariodevurgos.com\/dvwps\/wp-content\/uploads\/2015\/10\/Cartel_homenaje_Felix_Padin_2015-212x300.jpg 212w, https:\/\/diariodevurgos.com\/dvwps\/wp-content\/uploads\/2015\/10\/Cartel_homenaje_Felix_Padin_2015-724x1024.jpg 724w, https:\/\/diariodevurgos.com\/dvwps\/wp-content\/uploads\/2015\/10\/Cartel_homenaje_Felix_Padin_2015-100x141.jpg 100w, https:\/\/diariodevurgos.com\/dvwps\/wp-content\/uploads\/2015\/10\/Cartel_homenaje_Felix_Padin_2015-150x212.jpg 150w, https:\/\/diariodevurgos.com\/dvwps\/wp-content\/uploads\/2015\/10\/Cartel_homenaje_Felix_Padin_2015-200x283.jpg 200w, https:\/\/diariodevurgos.com\/dvwps\/wp-content\/uploads\/2015\/10\/Cartel_homenaje_Felix_Padin_2015-300x424.jpg 300w, https:\/\/diariodevurgos.com\/dvwps\/wp-content\/uploads\/2015\/10\/Cartel_homenaje_Felix_Padin_2015-450x637.jpg 450w, https:\/\/diariodevurgos.com\/dvwps\/wp-content\/uploads\/2015\/10\/Cartel_homenaje_Felix_Padin_2015-600x849.jpg 600w, https:\/\/diariodevurgos.com\/dvwps\/wp-content\/uploads\/2015\/10\/Cartel_homenaje_Felix_Padin_2015-900x1273.jpg 900w\" sizes=\"(max-width: 345px) 100vw, 345px\" \/><\/a><\/p>\n","protected":false},"excerpt":{"rendered":"<p>El pr\u00f3ximo mi\u00e9rcoles 7 de octubre de 2015 se rendir\u00e1 un homenaje a F\u00e9lix Pad\u00ed\u00adn, hist\u00f3rico militante anarcosindicalista fallecido el a\u00f1o pasado, en la localidad de Miranda de Ebro, en cuyo campo de concentraci\u00f3n F\u00e9lix estuvo recluido durante varios a\u00f1os y donde se realizar\u00e1 un acto en su memoria. El homenaje, organizado por la CNT&#8230;  <a href=\"https:\/\/diariodevurgos.com\/dvwps\/homenaje-a-felix-padin-en-miaranda-de-ebro.php\" class=\"more-link\" title=\"Read Homenaje a F\u00e9lix Pad\u00ed\u00adn en Miaranda de Ebro\">Read more &raquo;<\/a><\/p>\n","protected":false},"author":2,"featured_media":0,"comment_status":"open","ping_status":"closed","sticky":false,"template":"","format":"standard","meta":[],"categories":[57,71,76],"tags":[],"_links":{"self":[{"href":"https:\/\/diariodevurgos.com\/dvwps\/wp-json\/wp\/v2\/posts\/15322"}],"collection":[{"href":"https:\/\/diariodevurgos.com\/dvwps\/wp-json\/wp\/v2\/posts"}],"about":[{"href":"https:\/\/diariodevurgos.com\/dvwps\/wp-json\/wp\/v2\/types\/post"}],"author":[{"embeddable":true,"href":"https:\/\/diariodevurgos.com\/dvwps\/wp-json\/wp\/v2\/users\/2"}],"replies":[{"embeddable":true,"href":"https:\/\/diariodevurgos.com\/dvwps\/wp-json\/wp\/v2\/comments?post=15322"}],"version-history":[{"count":1,"href":"https:\/\/diariodevurgos.com\/dvwps\/wp-json\/wp\/v2\/posts\/15322\/revisions"}],"predecessor-version":[{"id":15324,"href":"https:\/\/diariodevurgos.com\/dvwps\/wp-json\/wp\/v2\/posts\/15322\/revisions\/15324"}],"wp:attachment":[{"href":"https:\/\/diariodevurgos.com\/dvwps\/wp-json\/wp\/v2\/media?parent=15322"}],"wp:term":[{"taxonomy":"category","embeddable":true,"href":"https:\/\/diariodevurgos.com\/dvwps\/wp-json\/wp\/v2\/categories?post=15322"},{"taxonomy":"post_tag","embeddable":true,"href":"https:\/\/diariodevurgos.com\/dvwps\/wp-json\/wp\/v2\/tags?post=15322"}],"curies":[{"name":"wp","href":"https:\/\/api.w.org\/{rel}","templated":true}]}}