{"id":15325,"date":"2015-10-01T10:06:16","date_gmt":"2015-10-01T09:06:16","guid":{"rendered":"http:\/\/diariodevurgos.com\/dvwps\/?p=15325"},"modified":"2015-10-02T10:08:23","modified_gmt":"2015-10-02T09:08:23","slug":"v-encuentro-de-escritores-por-ciudad-juarez","status":"publish","type":"post","link":"https:\/\/diariodevurgos.com\/dvwps\/v-encuentro-de-escritores-por-ciudad-juarez.php","title":{"rendered":"V Encuentro de escritores por Ciudad Ju\u00e1rez"},"content":{"rendered":"<p class=\"lead\">El viernes 2 de octubre a las 20 horas en la Sala Polis\u00f3n del Teatro Principal se va a celebrar en Burgos por cuarto a\u00f1o consecutivo el recital po\u00e9tico &#8220;Escritores por Ciudad Ju\u00e1rez&#8221;.<\/p>\n<p>Este recital, organizado en nuestra ciudad por CGT Burgos, es un acto cultural y solidario que se realiza al mismo tiempo en diferentes ciudades de Espa\u00f1a y en diferentes pa\u00ed\u00adses del mundo con el objeto de solidarizarse con la poblaci\u00f3n mexicana de Ciudad Ju\u00e1rez, que tanto padece el azote de la violencia y de la impunidad del crimen organizado.<\/p>\n<p style=\"text-align: center;\"><a href=\"http:\/\/diariodevurgos.com\/dvwps\/wp-content\/uploads\/2015\/10\/ciudad_jurez15.jpg\"><img loading=\"lazy\" class=\"aligncenter  wp-image-15326\" src=\"http:\/\/diariodevurgos.com\/dvwps\/wp-content\/uploads\/2015\/10\/ciudad_jurez15.jpg\" alt=\"ciudad_jurez15\" width=\"349\" height=\"494\" srcset=\"https:\/\/diariodevurgos.com\/dvwps\/wp-content\/uploads\/2015\/10\/ciudad_jurez15.jpg 842w, https:\/\/diariodevurgos.com\/dvwps\/wp-content\/uploads\/2015\/10\/ciudad_jurez15-212x300.jpg 212w, https:\/\/diariodevurgos.com\/dvwps\/wp-content\/uploads\/2015\/10\/ciudad_jurez15-724x1024.jpg 724w, https:\/\/diariodevurgos.com\/dvwps\/wp-content\/uploads\/2015\/10\/ciudad_jurez15-100x141.jpg 100w, https:\/\/diariodevurgos.com\/dvwps\/wp-content\/uploads\/2015\/10\/ciudad_jurez15-150x212.jpg 150w, https:\/\/diariodevurgos.com\/dvwps\/wp-content\/uploads\/2015\/10\/ciudad_jurez15-200x283.jpg 200w, https:\/\/diariodevurgos.com\/dvwps\/wp-content\/uploads\/2015\/10\/ciudad_jurez15-300x424.jpg 300w, https:\/\/diariodevurgos.com\/dvwps\/wp-content\/uploads\/2015\/10\/ciudad_jurez15-450x637.jpg 450w, https:\/\/diariodevurgos.com\/dvwps\/wp-content\/uploads\/2015\/10\/ciudad_jurez15-600x849.jpg 600w\" sizes=\"(max-width: 349px) 100vw, 349px\" \/><\/a><\/p>\n<p><!--more--><\/p>\n<p>Esta nueva convocatoria contar\u00e1 con la participaci\u00f3n de una veintena de participantes burgaleses que leer\u00e1n poemas para denunciar la violencia contra las mujeres que se sufre en todo el mundo, con menci\u00f3n espacial a nuestro pa\u00ed\u00ads, donde, en lo que llevamos de a\u00f1o, se ha cobrado ya un total de 41 mujeres, 9 v\u00ed\u00adctimas m\u00e1s que en las mismas fechas del a\u00f1o pasado. Tambi\u00e9n este a\u00f1o habr\u00e1 un especial recuerdo para los 43 estudiantes de Ayotzinapa, desaparecidos el 26 de septiembre de 2014 y cuyos asesinatos siguen todav\u00ed\u00ada impunes.<\/p>\n<p>Desde CGT Burgos queremos animar a toda la ciudadan\u00ed\u00ada burgalesa a asistir y mostrar tambi\u00e9n su solidaridad con su presencia y su participaci\u00f3n.<\/p>\n","protected":false},"excerpt":{"rendered":"<p>El viernes 2 de octubre a las 20 horas en la Sala Polis\u00f3n del Teatro Principal se va a celebrar en Burgos por cuarto a\u00f1o consecutivo el recital po\u00e9tico &#8220;Escritores por Ciudad Ju\u00e1rez&#8221;. Este recital, organizado en nuestra ciudad por CGT Burgos, es un acto cultural y solidario que se realiza al mismo tiempo en&#8230;  <a href=\"https:\/\/diariodevurgos.com\/dvwps\/v-encuentro-de-escritores-por-ciudad-juarez.php\" class=\"more-link\" title=\"Read V Encuentro de escritores por Ciudad Ju\u00e1rez\">Read more &raquo;<\/a><\/p>\n","protected":false},"author":2,"featured_media":0,"comment_status":"open","ping_status":"closed","sticky":false,"template":"","format":"standard","meta":[],"categories":[2,57,24,30],"tags":[],"_links":{"self":[{"href":"https:\/\/diariodevurgos.com\/dvwps\/wp-json\/wp\/v2\/posts\/15325"}],"collection":[{"href":"https:\/\/diariodevurgos.com\/dvwps\/wp-json\/wp\/v2\/posts"}],"about":[{"href":"https:\/\/diariodevurgos.com\/dvwps\/wp-json\/wp\/v2\/types\/post"}],"author":[{"embeddable":true,"href":"https:\/\/diariodevurgos.com\/dvwps\/wp-json\/wp\/v2\/users\/2"}],"replies":[{"embeddable":true,"href":"https:\/\/diariodevurgos.com\/dvwps\/wp-json\/wp\/v2\/comments?post=15325"}],"version-history":[{"count":1,"href":"https:\/\/diariodevurgos.com\/dvwps\/wp-json\/wp\/v2\/posts\/15325\/revisions"}],"predecessor-version":[{"id":15327,"href":"https:\/\/diariodevurgos.com\/dvwps\/wp-json\/wp\/v2\/posts\/15325\/revisions\/15327"}],"wp:attachment":[{"href":"https:\/\/diariodevurgos.com\/dvwps\/wp-json\/wp\/v2\/media?parent=15325"}],"wp:term":[{"taxonomy":"category","embeddable":true,"href":"https:\/\/diariodevurgos.com\/dvwps\/wp-json\/wp\/v2\/categories?post=15325"},{"taxonomy":"post_tag","embeddable":true,"href":"https:\/\/diariodevurgos.com\/dvwps\/wp-json\/wp\/v2\/tags?post=15325"}],"curies":[{"name":"wp","href":"https:\/\/api.w.org\/{rel}","templated":true}]}}