{"id":15364,"date":"2015-10-10T11:26:32","date_gmt":"2015-10-10T10:26:32","guid":{"rendered":"http:\/\/diariodevurgos.com\/dvwps\/?p=15364"},"modified":"2015-10-11T11:26:50","modified_gmt":"2015-10-11T10:26:50","slug":"ii-jornadas-contra-la-represion-por-la-auto-organizacion-y-el-apoyo-mutuo","status":"publish","type":"post","link":"https:\/\/diariodevurgos.com\/dvwps\/ii-jornadas-contra-la-represion-por-la-auto-organizacion-y-el-apoyo-mutuo.php","title":{"rendered":"II Jornadas contra la represi\u00f3n. Por la auto-organizaci\u00f3n y el apoyo mutuo"},"content":{"rendered":"<p class=\"lead\">El <a href=\"http:\/\/csrgamonal.ga\/\">Centro Social Recuperado Gamonal <\/a>organiza durante el<strong> viernes 16 y el s\u00e1bado 17 de octubre<\/strong> las <strong>II Jornadas contra la represi\u00f3n<\/strong>. Una iniciativa que contar\u00e1 con la presencia de varios grupos de apoyo quienes compartir\u00e1n sus experiencias en su trabajo contra la represi\u00f3n de los movimientos sociales y contestatarios.<\/p>\n<p style=\"text-align: center;\"><a href=\"http:\/\/diariodevurgos.com\/dvwps\/wp-content\/uploads\/2015\/10\/II-Jornadas-contra-la-represi\u00f3n.jpg\"><img loading=\"lazy\" class=\"aligncenter wp-image-15365\" src=\"http:\/\/diariodevurgos.com\/dvwps\/wp-content\/uploads\/2015\/10\/II-Jornadas-contra-la-represi\u00f3n.jpg\" alt=\"II Jornadas contra la represi\u00f3n\" width=\"401\" height=\"567\" srcset=\"https:\/\/diariodevurgos.com\/dvwps\/wp-content\/uploads\/2015\/10\/II-Jornadas-contra-la-represi\u00f3n.jpg 3508w, https:\/\/diariodevurgos.com\/dvwps\/wp-content\/uploads\/2015\/10\/II-Jornadas-contra-la-represi\u00f3n-212x300.jpg 212w, https:\/\/diariodevurgos.com\/dvwps\/wp-content\/uploads\/2015\/10\/II-Jornadas-contra-la-represi\u00f3n-724x1024.jpg 724w, https:\/\/diariodevurgos.com\/dvwps\/wp-content\/uploads\/2015\/10\/II-Jornadas-contra-la-represi\u00f3n-100x141.jpg 100w, https:\/\/diariodevurgos.com\/dvwps\/wp-content\/uploads\/2015\/10\/II-Jornadas-contra-la-represi\u00f3n-150x212.jpg 150w, https:\/\/diariodevurgos.com\/dvwps\/wp-content\/uploads\/2015\/10\/II-Jornadas-contra-la-represi\u00f3n-200x283.jpg 200w, https:\/\/diariodevurgos.com\/dvwps\/wp-content\/uploads\/2015\/10\/II-Jornadas-contra-la-represi\u00f3n-300x424.jpg 300w, https:\/\/diariodevurgos.com\/dvwps\/wp-content\/uploads\/2015\/10\/II-Jornadas-contra-la-represi\u00f3n-450x636.jpg 450w, https:\/\/diariodevurgos.com\/dvwps\/wp-content\/uploads\/2015\/10\/II-Jornadas-contra-la-represi\u00f3n-600x849.jpg 600w, https:\/\/diariodevurgos.com\/dvwps\/wp-content\/uploads\/2015\/10\/II-Jornadas-contra-la-represi\u00f3n-900x1273.jpg 900w\" sizes=\"(max-width: 401px) 100vw, 401px\" \/><\/a><\/p>\n","protected":false},"excerpt":{"rendered":"<p>El Centro Social Recuperado Gamonal organiza durante el viernes 16 y el s\u00e1bado 17 de octubre las II Jornadas contra la represi\u00f3n. Una iniciativa que contar\u00e1 con la presencia de varios grupos de apoyo quienes compartir\u00e1n sus experiencias en su trabajo contra la represi\u00f3n de los movimientos sociales y contestatarios.<\/p>\n","protected":false},"author":2,"featured_media":0,"comment_status":"open","ping_status":"closed","sticky":false,"template":"","format":"standard","meta":[],"categories":[61,2,78,12,27,49,7],"tags":[],"_links":{"self":[{"href":"https:\/\/diariodevurgos.com\/dvwps\/wp-json\/wp\/v2\/posts\/15364"}],"collection":[{"href":"https:\/\/diariodevurgos.com\/dvwps\/wp-json\/wp\/v2\/posts"}],"about":[{"href":"https:\/\/diariodevurgos.com\/dvwps\/wp-json\/wp\/v2\/types\/post"}],"author":[{"embeddable":true,"href":"https:\/\/diariodevurgos.com\/dvwps\/wp-json\/wp\/v2\/users\/2"}],"replies":[{"embeddable":true,"href":"https:\/\/diariodevurgos.com\/dvwps\/wp-json\/wp\/v2\/comments?post=15364"}],"version-history":[{"count":1,"href":"https:\/\/diariodevurgos.com\/dvwps\/wp-json\/wp\/v2\/posts\/15364\/revisions"}],"predecessor-version":[{"id":15366,"href":"https:\/\/diariodevurgos.com\/dvwps\/wp-json\/wp\/v2\/posts\/15364\/revisions\/15366"}],"wp:attachment":[{"href":"https:\/\/diariodevurgos.com\/dvwps\/wp-json\/wp\/v2\/media?parent=15364"}],"wp:term":[{"taxonomy":"category","embeddable":true,"href":"https:\/\/diariodevurgos.com\/dvwps\/wp-json\/wp\/v2\/categories?post=15364"},{"taxonomy":"post_tag","embeddable":true,"href":"https:\/\/diariodevurgos.com\/dvwps\/wp-json\/wp\/v2\/tags?post=15364"}],"curies":[{"name":"wp","href":"https:\/\/api.w.org\/{rel}","templated":true}]}}