{"id":15383,"date":"2015-10-13T22:58:09","date_gmt":"2015-10-13T21:58:09","guid":{"rendered":"http:\/\/diariodevurgos.com\/dvwps\/?p=15383"},"modified":"2015-10-16T16:28:08","modified_gmt":"2015-10-16T15:28:08","slug":"presentacion-publica-del-libro-el-anarquismo-en-burgos","status":"publish","type":"post","link":"https:\/\/diariodevurgos.com\/dvwps\/presentacion-publica-del-libro-el-anarquismo-en-burgos.php","title":{"rendered":"Presentaci\u00f3n p\u00fablica del libro &#8220;El anarquismo en Burgos&#8221;\u009d"},"content":{"rendered":"<p class=\"lead\">El pr\u00f3ximo d\u00ed\u00ada <strong>19 de octubre, lunes, a las 20:15 horas<\/strong>, tendr\u00e1 lugar la presentaci\u00f3n de la novedad editorial que la Fundaci\u00f3n de estudios libertarios Anselmo Lorenzo (FAL), fundaci\u00f3n cultural del <strong>sindicato CNT,<\/strong> acaba de publicar: <em>El Anarquismo en Burgos.<\/em> El acto se desarrollar\u00e1 en la sala Polis\u00f3n del Teatro Principal de la ciudad y contar\u00e1 con la presencia de los autores, <strong>Ignacio C. Soriano Jim\u00e9nez, Francisco J. Barriocanal Nu\u00f1o y Fernando Ortega Barriuso<\/strong>, acompa\u00f1ados de una representaci\u00f3n de la <strong>FAL<\/strong>.<\/p>\n<p style=\"text-align: center;\"><a href=\"http:\/\/diariodevurgos.com\/dvwps\/wp-content\/uploads\/2015\/10\/Cartel.jpg\"><img loading=\"lazy\" class=\"aligncenter wp-image-15384\" src=\"http:\/\/diariodevurgos.com\/dvwps\/wp-content\/uploads\/2015\/10\/Cartel.jpg\" alt=\"Cartel\" width=\"280\" height=\"396\" srcset=\"https:\/\/diariodevurgos.com\/dvwps\/wp-content\/uploads\/2015\/10\/Cartel.jpg 453w, https:\/\/diariodevurgos.com\/dvwps\/wp-content\/uploads\/2015\/10\/Cartel-212x300.jpg 212w, https:\/\/diariodevurgos.com\/dvwps\/wp-content\/uploads\/2015\/10\/Cartel-100x142.jpg 100w, https:\/\/diariodevurgos.com\/dvwps\/wp-content\/uploads\/2015\/10\/Cartel-150x212.jpg 150w, https:\/\/diariodevurgos.com\/dvwps\/wp-content\/uploads\/2015\/10\/Cartel-200x283.jpg 200w, https:\/\/diariodevurgos.com\/dvwps\/wp-content\/uploads\/2015\/10\/Cartel-300x425.jpg 300w, https:\/\/diariodevurgos.com\/dvwps\/wp-content\/uploads\/2015\/10\/Cartel-450x637.jpg 450w\" sizes=\"(max-width: 280px) 100vw, 280px\" \/><\/a><\/p>\n<p>Era inexistente pero necesario. La falta de un estudio sobre el movimiento anarquista en la provincia de Burgos dejaba un hueco en las estanter\u00ed\u00adas locales dif\u00ed\u00adcil de suplir. Tal vez por esa ausencia y por el desconocimiento del alcance real que el anarquismo ha tenido en estas tierras, se ha pensado durante demasiado tiempo que su presencia fue escasa y ef\u00ed\u00admera, algo pasajero. Es otra de las consecuencias del manto de silencio que desde el entramado del poder se ha promovido contra la idea anarquista. Silenciarla, cuando no criminalizarla, esa ha sido su tendencia habitual.<\/p>\n<p>Afortunadamente, con la publicaci\u00f3n del libro, fruto de la investigaci\u00f3n que durante meses han llevado a cabo sus autores, se rebate esa presunci\u00f3n. La obra nos permite conocer la temprana presencia antiautoritaria en la ciudad de Burgos que, en las \u00faltimas d\u00e9cadas del siglo XIX, se muestra en forma de sociedades obreras de resistencia al capital, adelant\u00e1ndose incluso a la aparici\u00f3n de las otras tendencias obreras, cat\u00f3lica y socialista, con las que compartir\u00e1 escenario en las d\u00e9cadas siguientes, dejando claro que en la provincia burgalesa \u00abla dignidad de vivir sin autoridades impuestas tiene ya siempre quien la enarbole\u00bb, independientemente de la etapa hist\u00f3rica alcanzada: Primera Rep\u00fablica, Restauraci\u00f3n, Dictadura primorriverista, Segunda Rep\u00fablica, Dictadura franquista, pasando por la llamada transici\u00f3n hasta llegar al periodo actual. La represi\u00f3n de que fue v\u00ed\u00adctima el anarquismo burgal\u00e9s, en cualquiera de las etapas citadas, no pudo acabar con \u00e9l; ni tan siquiera el exterminio f\u00ed\u00adsico y la persecuci\u00f3n brutal de su militancia durante el franquismo, siendo capaz incluso, una vez repuesto del terrible golpe, de organizar la Resistencia Confederal contra la Dictadura en tierras burgalesas.<\/p>\n<p>En definitiva, m\u00e1s de 400 p\u00e1ginas desvelan la historia oculta de diferentes generaciones de mujeres y hombres que vivieron o actuaron en la provincia, poniendo todo su empe\u00f1o en combatir la explotaci\u00f3n y la tiran\u00ed\u00ada, alej\u00e1ndose de las supersticiones que los somet\u00ed\u00adan y caminando hacia un mundo m\u00e1s libre. Adem\u00e1s, el trabajo incluye un CD con parte de los diferentes materiales de los que se han valido los autores y con el Diccionario del anarquismo hist\u00f3rico burgal\u00e9s 1871-1975, que recoge las rese\u00f1as biogr\u00e1ficas de centenares de anarquistas burgaleses, protagonistas todos de la obra colectiva que representa la idea libertaria.<\/p>\n<p>M\u00e1s informaci\u00f3n sobre el libro en la p\u00e1gina de la<a href=\"http:\/\/fal.cnt.es\/?q=node\/36095\"> Fundaci\u00f3n Anselmo Lorenzo<\/a><\/p>\n","protected":false},"excerpt":{"rendered":"<p>El pr\u00f3ximo d\u00ed\u00ada 19 de octubre, lunes, a las 20:15 horas, tendr\u00e1 lugar la presentaci\u00f3n de la novedad editorial que la Fundaci\u00f3n de estudios libertarios Anselmo Lorenzo (FAL), fundaci\u00f3n cultural del sindicato CNT, acaba de publicar: El Anarquismo en Burgos. El acto se desarrollar\u00e1 en la sala Polis\u00f3n del Teatro Principal de la ciudad y&#8230;  <a href=\"https:\/\/diariodevurgos.com\/dvwps\/presentacion-publica-del-libro-el-anarquismo-en-burgos.php\" class=\"more-link\" title=\"Read Presentaci\u00f3n p\u00fablica del libro &#8220;El anarquismo en Burgos&#8221;\u009d\">Read more &raquo;<\/a><\/p>\n","protected":false},"author":2,"featured_media":0,"comment_status":"open","ping_status":"closed","sticky":false,"template":"","format":"standard","meta":[],"categories":[2,57,6,30],"tags":[],"_links":{"self":[{"href":"https:\/\/diariodevurgos.com\/dvwps\/wp-json\/wp\/v2\/posts\/15383"}],"collection":[{"href":"https:\/\/diariodevurgos.com\/dvwps\/wp-json\/wp\/v2\/posts"}],"about":[{"href":"https:\/\/diariodevurgos.com\/dvwps\/wp-json\/wp\/v2\/types\/post"}],"author":[{"embeddable":true,"href":"https:\/\/diariodevurgos.com\/dvwps\/wp-json\/wp\/v2\/users\/2"}],"replies":[{"embeddable":true,"href":"https:\/\/diariodevurgos.com\/dvwps\/wp-json\/wp\/v2\/comments?post=15383"}],"version-history":[{"count":3,"href":"https:\/\/diariodevurgos.com\/dvwps\/wp-json\/wp\/v2\/posts\/15383\/revisions"}],"predecessor-version":[{"id":15400,"href":"https:\/\/diariodevurgos.com\/dvwps\/wp-json\/wp\/v2\/posts\/15383\/revisions\/15400"}],"wp:attachment":[{"href":"https:\/\/diariodevurgos.com\/dvwps\/wp-json\/wp\/v2\/media?parent=15383"}],"wp:term":[{"taxonomy":"category","embeddable":true,"href":"https:\/\/diariodevurgos.com\/dvwps\/wp-json\/wp\/v2\/categories?post=15383"},{"taxonomy":"post_tag","embeddable":true,"href":"https:\/\/diariodevurgos.com\/dvwps\/wp-json\/wp\/v2\/tags?post=15383"}],"curies":[{"name":"wp","href":"https:\/\/api.w.org\/{rel}","templated":true}]}}