{"id":15401,"date":"2015-10-16T16:56:11","date_gmt":"2015-10-16T15:56:11","guid":{"rendered":"http:\/\/diariodevurgos.com\/dvwps\/?p=15401"},"modified":"2015-10-16T16:56:11","modified_gmt":"2015-10-16T15:56:11","slug":"se-reactivan-las-luchas-sociales-y-contestarias-en-gamonal","status":"publish","type":"post","link":"https:\/\/diariodevurgos.com\/dvwps\/se-reactivan-las-luchas-sociales-y-contestarias-en-gamonal.php","title":{"rendered":"Se reactivan las luchas sociales y contestar\u00ed\u00adas en Gamonal"},"content":{"rendered":"<p class=\"lead\">Gamonal vuelve a ser el epicentro de las luchas sociales despu\u00e9s de casi dos a\u00f1os de que la revuelta social hiciera que sus vecinos se convirtieran en ejemplo de tes\u00f3n y rebeld\u00ed\u00ada. El barrio burgal\u00e9s vuelve a bullir al calor de un sinf\u00ed\u00adn de actividades y convocatorias como las que hay programadas para este fin de semana. <strong>Jornadas contra la represi\u00f3n<\/strong>, una <strong>manifestaci\u00f3n en defensa del Centro Social Recuperado<\/strong> y una <strong>iniciativa en solidaridad con los encausados en la lucha contra el bulevar<\/strong> completan el programa reivindicativo para este fin de semana.<\/p>\n<p><a href=\"http:\/\/csrgamonal.ga\/2015\/10\/10\/ii-jornadas-contra-la-represion\/\">II Jornadas contra la represi\u00f3n. Por la auto-organizaci\u00f3n y el apoyo mutuo<\/a>: Durante el <strong>viernes 16 y el s\u00e1bado 17<\/strong> <strong>de octubre<\/strong> se llevar\u00e1n a cabo estas<strong> jornadas contra la represi\u00f3n en el CSR Gamonal.<\/strong> Una iniciativa que, tras el \u00e9xito de la primera convocatoria del a\u00f1o pasado, pretende aunar esfuerzos y analizar las estrategias represivas que pone en marcha el estado contra los movimientos sociales y contestatarios.<\/p>\n<p style=\"text-align: center;\"><img loading=\"lazy\" class=\"alignnone\" src=\"http:\/\/diariodevurgos.com\/dvwps\/wp-content\/uploads\/2015\/10\/II-Jornadas-contra-la-represi%C3%B3n.jpg\" alt=\"\" width=\"353\" height=\"499\" \/><\/p>\n<p><a href=\"http:\/\/diariodevurgos.com\/dvwps\/manifestacion-en-apoyo-al-centro-social-recuperado-gamonal.php\">Manifestaci\u00f3n en apoyo al CSR Gamonal<\/a>: El <strong>Centro Social Recuperado Gamonal se<\/strong> haya actualmente bajo amenaza de desalojo por parte de la Fundaci\u00f3n Caja de Burgos, una entidad que, seg\u00fan se ha revelado desde el propio centro social con documentaci\u00f3n in\u00e9dita, <a href=\"http:\/\/diariodevurgos.com\/dvwps\/csr-gamonal-revela-caja-burgos-se-relaciono-con-la-punica-y-4-directivos-utilizaron-tarjetas-de-credito-vip.php\">estuvo relacionada con la trama p\u00fanica y cuatro de sus directivos disfrutaron de tarjetas VIP<\/a>. Con esta manifestaci\u00f3n de apoyo, prevista para el <strong>s\u00e1bado 17 de octubre a las 20.30 horas desde la Real y Antigua de Gamonal<\/strong>, e pretende dar visibilidad a las cientos de voces que claman por la permanec\u00ed\u00ada de une espacio que durante todos este tiempo ha desarrollado un proyecto cultural, pol\u00ed\u00adtico y social, basado en la autogesti\u00f3n.<\/p>\n<p style=\"text-align: center;\"><img loading=\"lazy\" class=\"alignnone\" src=\"http:\/\/diariodevurgos.com\/dvwps\/wp-content\/uploads\/2015\/10\/17-3cor.jpg\" alt=\"\" width=\"348\" height=\"492\" \/><\/p>\n<p>&nbsp;<\/p>\n<p><a href=\"https:\/\/gamonalniunpasoatras.wordpress.com\/2015\/10\/01\/domingo-18-acto-en-gamonal-en-solidaridad-con-personas-encausadas\/\">Acto en Gamonal en solidaridad con las personas encausadas en la lucha contra el bulevar:<\/a> La <strong>Asamblea de Gamonal<\/strong> realizar\u00e1 el<strong> domingo 18 de octubre<\/strong> una comida popular en solidaridad con las personas represaliadas con la intenci\u00f3n de recaudar fondos con las que hacer frente a las sanciones econ\u00f3micas que el Ayuntamiento de Burgos, respaldado por<a href=\"https:\/\/gamonalniunpasoatras.wordpress.com\/2015\/09\/17\/la-asamblea-de-gamonal-ante-la-mocion-de-pp-psoe-y-ciudadanos-contra-nuestrs-encausads\/\"> los votos a favor de PP, Ciudadanos y PSOE,<\/a> quiere imponer a los encausados. Gamonal no dejara solos a aquellos vecinos que ahora se enfrentan a la represi\u00f3n de las instituciones y muestra su solidaridad con los encausados.<\/p>\n<p style=\"text-align: center;\"><img loading=\"lazy\" class=\"alignnone\" src=\"https:\/\/gamonalniunpasoatras.files.wordpress.com\/2015\/10\/asamblea-gamonal-definitivo-grises-18-oct.jpg\" alt=\"\" width=\"357\" height=\"505\" \/><\/p>\n","protected":false},"excerpt":{"rendered":"<p>Gamonal vuelve a ser el epicentro de las luchas sociales despu\u00e9s de casi dos a\u00f1os de que la revuelta social hiciera que sus vecinos se convirtieran en ejemplo de tes\u00f3n y rebeld\u00ed\u00ada. El barrio burgal\u00e9s vuelve a bullir al calor de un sinf\u00ed\u00adn de actividades y convocatorias como las que hay programadas para este fin&#8230;  <a href=\"https:\/\/diariodevurgos.com\/dvwps\/se-reactivan-las-luchas-sociales-y-contestarias-en-gamonal.php\" class=\"more-link\" title=\"Read Se reactivan las luchas sociales y contestar\u00ed\u00adas en Gamonal\">Read more &raquo;<\/a><\/p>\n","protected":false},"author":2,"featured_media":0,"comment_status":"open","ping_status":"closed","sticky":false,"template":"","format":"standard","meta":[],"categories":[61,2,57,78,27,49],"tags":[],"_links":{"self":[{"href":"https:\/\/diariodevurgos.com\/dvwps\/wp-json\/wp\/v2\/posts\/15401"}],"collection":[{"href":"https:\/\/diariodevurgos.com\/dvwps\/wp-json\/wp\/v2\/posts"}],"about":[{"href":"https:\/\/diariodevurgos.com\/dvwps\/wp-json\/wp\/v2\/types\/post"}],"author":[{"embeddable":true,"href":"https:\/\/diariodevurgos.com\/dvwps\/wp-json\/wp\/v2\/users\/2"}],"replies":[{"embeddable":true,"href":"https:\/\/diariodevurgos.com\/dvwps\/wp-json\/wp\/v2\/comments?post=15401"}],"version-history":[{"count":1,"href":"https:\/\/diariodevurgos.com\/dvwps\/wp-json\/wp\/v2\/posts\/15401\/revisions"}],"predecessor-version":[{"id":15402,"href":"https:\/\/diariodevurgos.com\/dvwps\/wp-json\/wp\/v2\/posts\/15401\/revisions\/15402"}],"wp:attachment":[{"href":"https:\/\/diariodevurgos.com\/dvwps\/wp-json\/wp\/v2\/media?parent=15401"}],"wp:term":[{"taxonomy":"category","embeddable":true,"href":"https:\/\/diariodevurgos.com\/dvwps\/wp-json\/wp\/v2\/categories?post=15401"},{"taxonomy":"post_tag","embeddable":true,"href":"https:\/\/diariodevurgos.com\/dvwps\/wp-json\/wp\/v2\/tags?post=15401"}],"curies":[{"name":"wp","href":"https:\/\/api.w.org\/{rel}","templated":true}]}}