{"id":15446,"date":"2015-10-26T00:03:44","date_gmt":"2015-10-25T23:03:44","guid":{"rendered":"http:\/\/diariodevurgos.com\/dvwps\/?p=15446"},"modified":"2015-10-27T19:00:22","modified_gmt":"2015-10-27T18:00:22","slug":"presentacion-de-el-anarquismo-en-burgos-en-el-centro-social-recuperado-gamonal","status":"publish","type":"post","link":"https:\/\/diariodevurgos.com\/dvwps\/presentacion-de-el-anarquismo-en-burgos-en-el-centro-social-recuperado-gamonal.php","title":{"rendered":"Presentaci\u00f3n de El anarquismo en Burgos en el Centro Social Recuperado Gamonal"},"content":{"rendered":"<p class=\"lead\">El pr\u00f3ximo<strong> viernes 30 de octubre<\/strong> a partir de las <strong>19.30 horas<\/strong> se llevar\u00e1 a cabo en el<a href=\"http:\/\/csrgamonal.ga\/\"> Centro Social Recuperado Gamonal <\/a>la presentaci\u00f3n del libro <a href=\"http:\/\/diariodevurgos.com\/dvwps\/el-anarquismo-en-burgos.php\"><em>El anarquismo en Burgos<\/em><\/a>. Una iniciativa en la que estar\u00e1n presentes los autores de este libro, una obra qque surge fruto del trabajo de investigaci\u00f3n realizado durante a\u00f1os que ha logrado sacar a la luz la gran riqueza y desarroll\u00f3 del movimiento libertario en los diferentes momentos de la historia de Burgos.<\/p>\n<p style=\"text-align: center;\"><a href=\"http:\/\/diariodevurgos.com\/dvwps\/wp-content\/uploads\/2015\/10\/anarquism-burg.jpg\"><img loading=\"lazy\" class=\"aligncenter  wp-image-15450\" src=\"http:\/\/diariodevurgos.com\/dvwps\/wp-content\/uploads\/2015\/10\/anarquism-burg.jpg\" alt=\"anarquism burg\" width=\"403\" height=\"570\" srcset=\"https:\/\/diariodevurgos.com\/dvwps\/wp-content\/uploads\/2015\/10\/anarquism-burg.jpg 1181w, https:\/\/diariodevurgos.com\/dvwps\/wp-content\/uploads\/2015\/10\/anarquism-burg-212x300.jpg 212w, https:\/\/diariodevurgos.com\/dvwps\/wp-content\/uploads\/2015\/10\/anarquism-burg-724x1024.jpg 724w, https:\/\/diariodevurgos.com\/dvwps\/wp-content\/uploads\/2015\/10\/anarquism-burg-100x141.jpg 100w, https:\/\/diariodevurgos.com\/dvwps\/wp-content\/uploads\/2015\/10\/anarquism-burg-150x212.jpg 150w, https:\/\/diariodevurgos.com\/dvwps\/wp-content\/uploads\/2015\/10\/anarquism-burg-200x283.jpg 200w, https:\/\/diariodevurgos.com\/dvwps\/wp-content\/uploads\/2015\/10\/anarquism-burg-300x424.jpg 300w, https:\/\/diariodevurgos.com\/dvwps\/wp-content\/uploads\/2015\/10\/anarquism-burg-450x636.jpg 450w, https:\/\/diariodevurgos.com\/dvwps\/wp-content\/uploads\/2015\/10\/anarquism-burg-600x848.jpg 600w, https:\/\/diariodevurgos.com\/dvwps\/wp-content\/uploads\/2015\/10\/anarquism-burg-900x1273.jpg 900w\" sizes=\"(max-width: 403px) 100vw, 403px\" \/><\/a><\/p>\n<p style=\"text-align: center;\">\n","protected":false},"excerpt":{"rendered":"<p>El pr\u00f3ximo viernes 30 de octubre a partir de las 19.30 horas se llevar\u00e1 a cabo en el Centro Social Recuperado Gamonal la presentaci\u00f3n del libro El anarquismo en Burgos. Una iniciativa en la que estar\u00e1n presentes los autores de este libro, una obra qque surge fruto del trabajo de investigaci\u00f3n realizado durante a\u00f1os que&#8230;  <a href=\"https:\/\/diariodevurgos.com\/dvwps\/presentacion-de-el-anarquismo-en-burgos-en-el-centro-social-recuperado-gamonal.php\" class=\"more-link\" title=\"Read Presentaci\u00f3n de El anarquismo en Burgos en el Centro Social Recuperado Gamonal\">Read more &raquo;<\/a><\/p>\n","protected":false},"author":2,"featured_media":0,"comment_status":"open","ping_status":"closed","sticky":false,"template":"","format":"standard","meta":[],"categories":[2,57,78,27,6,30,79,8],"tags":[],"_links":{"self":[{"href":"https:\/\/diariodevurgos.com\/dvwps\/wp-json\/wp\/v2\/posts\/15446"}],"collection":[{"href":"https:\/\/diariodevurgos.com\/dvwps\/wp-json\/wp\/v2\/posts"}],"about":[{"href":"https:\/\/diariodevurgos.com\/dvwps\/wp-json\/wp\/v2\/types\/post"}],"author":[{"embeddable":true,"href":"https:\/\/diariodevurgos.com\/dvwps\/wp-json\/wp\/v2\/users\/2"}],"replies":[{"embeddable":true,"href":"https:\/\/diariodevurgos.com\/dvwps\/wp-json\/wp\/v2\/comments?post=15446"}],"version-history":[{"count":3,"href":"https:\/\/diariodevurgos.com\/dvwps\/wp-json\/wp\/v2\/posts\/15446\/revisions"}],"predecessor-version":[{"id":15452,"href":"https:\/\/diariodevurgos.com\/dvwps\/wp-json\/wp\/v2\/posts\/15446\/revisions\/15452"}],"wp:attachment":[{"href":"https:\/\/diariodevurgos.com\/dvwps\/wp-json\/wp\/v2\/media?parent=15446"}],"wp:term":[{"taxonomy":"category","embeddable":true,"href":"https:\/\/diariodevurgos.com\/dvwps\/wp-json\/wp\/v2\/categories?post=15446"},{"taxonomy":"post_tag","embeddable":true,"href":"https:\/\/diariodevurgos.com\/dvwps\/wp-json\/wp\/v2\/tags?post=15446"}],"curies":[{"name":"wp","href":"https:\/\/api.w.org\/{rel}","templated":true}]}}