{"id":15492,"date":"2015-11-05T18:40:57","date_gmt":"2015-11-05T17:40:57","guid":{"rendered":"http:\/\/diariodevurgos.com\/dvwps\/?p=15492"},"modified":"2015-11-05T18:40:57","modified_gmt":"2015-11-05T17:40:57","slug":"rodea-la-casa-del-cordon","status":"publish","type":"post","link":"https:\/\/diariodevurgos.com\/dvwps\/rodea-la-casa-del-cordon.php","title":{"rendered":"Rodea la Casa del Cord\u00f3n"},"content":{"rendered":"<p class=\"lead\">Desde hace algunos meses, el <a href=\"http:\/\/csrgamonal.ga\/\">Centro Social Recuperado Gamona<\/a>l se encuentra bajo amenaza de desalojo gracias a una <strong>denuncia interpuesta por Fundaci\u00f3n Caja de Burgos<\/strong> que con su actitud especulativa busca cerrar y dejar nuevamente abandonado un espacio que est\u00e1 ofreciendo al barrio actividades culturales y sociales a trav\u00e9s de la autogesti\u00f3n y el pensamiento cr\u00ed\u00adtico.<\/p>\n<p>El pr\u00f3ximo <strong>viernes 13 de noviembre<\/strong> el CSR Gamonal hace un llamamiento para <a href=\"http:\/\/csrgamonal.ga\/2015\/11\/04\/rodea-la-casa-del-cordon\/\">rodear el la Casa\u00a0 del Cord\u00f3n<\/a>, sede de Fundaci\u00f3n Caja de Burgos, como <strong>gesto simb\u00f3lico en solidaridad con el Centro Social de Gamonal<\/strong> y en protesta contra el intento de desalojo.<\/p>\n<p>Una iniciativa simb\u00f3lica con la que dar visibilidad a las numerosas voces que claman en defensa de este espacio ocupado del barrio de Gamonal que dar\u00e1 comienzo a las a las <strong>20.00 horas<\/strong> en la <strong>Plaza de Santo Domingo de Guzm\u00e1n.<\/strong><\/p>\n<p style=\"text-align: center;\"><a href=\"http:\/\/diariodevurgos.com\/dvwps\/wp-content\/uploads\/2015\/11\/rodea.jpg\"><img loading=\"lazy\" class=\"aligncenter  wp-image-15493\" src=\"http:\/\/diariodevurgos.com\/dvwps\/wp-content\/uploads\/2015\/11\/rodea.jpg\" alt=\"rodea\" width=\"426\" height=\"603\" srcset=\"https:\/\/diariodevurgos.com\/dvwps\/wp-content\/uploads\/2015\/11\/rodea.jpg 3508w, https:\/\/diariodevurgos.com\/dvwps\/wp-content\/uploads\/2015\/11\/rodea-212x300.jpg 212w, https:\/\/diariodevurgos.com\/dvwps\/wp-content\/uploads\/2015\/11\/rodea-724x1024.jpg 724w, https:\/\/diariodevurgos.com\/dvwps\/wp-content\/uploads\/2015\/11\/rodea-100x141.jpg 100w, https:\/\/diariodevurgos.com\/dvwps\/wp-content\/uploads\/2015\/11\/rodea-150x212.jpg 150w, https:\/\/diariodevurgos.com\/dvwps\/wp-content\/uploads\/2015\/11\/rodea-200x283.jpg 200w, https:\/\/diariodevurgos.com\/dvwps\/wp-content\/uploads\/2015\/11\/rodea-300x424.jpg 300w, https:\/\/diariodevurgos.com\/dvwps\/wp-content\/uploads\/2015\/11\/rodea-450x636.jpg 450w, https:\/\/diariodevurgos.com\/dvwps\/wp-content\/uploads\/2015\/11\/rodea-600x849.jpg 600w, https:\/\/diariodevurgos.com\/dvwps\/wp-content\/uploads\/2015\/11\/rodea-900x1273.jpg 900w\" sizes=\"(max-width: 426px) 100vw, 426px\" \/><\/a><\/p>\n","protected":false},"excerpt":{"rendered":"<p>Desde hace algunos meses, el Centro Social Recuperado Gamonal se encuentra bajo amenaza de desalojo gracias a una denuncia interpuesta por Fundaci\u00f3n Caja de Burgos que con su actitud especulativa busca cerrar y dejar nuevamente abandonado un espacio que est\u00e1 ofreciendo al barrio actividades culturales y sociales a trav\u00e9s de la autogesti\u00f3n y el pensamiento&#8230;  <a href=\"https:\/\/diariodevurgos.com\/dvwps\/rodea-la-casa-del-cordon.php\" class=\"more-link\" title=\"Read Rodea la Casa del Cord\u00f3n\">Read more &raquo;<\/a><\/p>\n","protected":false},"author":2,"featured_media":0,"comment_status":"open","ping_status":"closed","sticky":false,"template":"","format":"standard","meta":[],"categories":[61,2,57,78,27],"tags":[],"_links":{"self":[{"href":"https:\/\/diariodevurgos.com\/dvwps\/wp-json\/wp\/v2\/posts\/15492"}],"collection":[{"href":"https:\/\/diariodevurgos.com\/dvwps\/wp-json\/wp\/v2\/posts"}],"about":[{"href":"https:\/\/diariodevurgos.com\/dvwps\/wp-json\/wp\/v2\/types\/post"}],"author":[{"embeddable":true,"href":"https:\/\/diariodevurgos.com\/dvwps\/wp-json\/wp\/v2\/users\/2"}],"replies":[{"embeddable":true,"href":"https:\/\/diariodevurgos.com\/dvwps\/wp-json\/wp\/v2\/comments?post=15492"}],"version-history":[{"count":2,"href":"https:\/\/diariodevurgos.com\/dvwps\/wp-json\/wp\/v2\/posts\/15492\/revisions"}],"predecessor-version":[{"id":15496,"href":"https:\/\/diariodevurgos.com\/dvwps\/wp-json\/wp\/v2\/posts\/15492\/revisions\/15496"}],"wp:attachment":[{"href":"https:\/\/diariodevurgos.com\/dvwps\/wp-json\/wp\/v2\/media?parent=15492"}],"wp:term":[{"taxonomy":"category","embeddable":true,"href":"https:\/\/diariodevurgos.com\/dvwps\/wp-json\/wp\/v2\/categories?post=15492"},{"taxonomy":"post_tag","embeddable":true,"href":"https:\/\/diariodevurgos.com\/dvwps\/wp-json\/wp\/v2\/tags?post=15492"}],"curies":[{"name":"wp","href":"https:\/\/api.w.org\/{rel}","templated":true}]}}