{"id":15505,"date":"2015-11-08T22:28:02","date_gmt":"2015-11-08T21:28:02","guid":{"rendered":"http:\/\/diariodevurgos.com\/dvwps\/?p=15505"},"modified":"2015-11-12T00:10:53","modified_gmt":"2015-11-11T23:10:53","slug":"defendamos-el-csr-actividades-en-el-centro-social-recuperado-gamonal-para-el-mes-de-noviembre","status":"publish","type":"post","link":"https:\/\/diariodevurgos.com\/dvwps\/defendamos-el-csr-actividades-en-el-centro-social-recuperado-gamonal-para-el-mes-de-noviembre.php","title":{"rendered":"\u00a1Defendamos el CSR! Actividades en el Centro Social Recuperado Gamonal para el mes de noviembre"},"content":{"rendered":"<p class=\"lead\">El<strong> CSR Gamonal<\/strong> contin\u00faa a todo tren con su campa\u00f1a de resistencia al desalojo con un extenso programa de actividades para este mes de noviembre. Una programaci\u00f3n en la que se alteran representaciones teatrales, charlas y conciertos musicales. Como plato fuerte, destaca la curiosa iniciativa <a href=\"http:\/\/diariodevurgos.com\/dvwps\/rodea-la-casa-del-cordon.php\">Rodea el Cord\u00f3n<\/a> programada para el <strong>viernes 13 de noviembre<\/strong> en la que se anima a<strong> rodear de forma simb\u00f3lica la Casa del Cord\u00f3n<\/strong>, sede de la Fundaci\u00f3n Caja de Burgos, fundaci\u00f3n bancaria que pretende cerrar este espacio abierto al barrio, <strong>en protesta contra el desalojo y en solidaridad con el Centro Social Recuperado<\/strong>.<\/p>\n<p>As\u00ed\u00ad mismo, desde el <a href=\"http:\/\/csrgamonal.ga\/\">CSR Gamonal<\/a> se est\u00e1 realizando un llamamiento para la realizaci\u00f3n de una<strong> manifestaci\u00f3n en defensa del espacio autogestionado<\/strong> para el pr\u00f3ximo<strong> s\u00e1bado 12 de diciembre en Gamonal.<\/strong><\/p>\n<p style=\"text-align: center;\"><a href=\"http:\/\/diariodevurgos.com\/dvwps\/wp-content\/uploads\/2015\/11\/calendario-noviembre.jpg\"><img loading=\"lazy\" class=\"aligncenter  wp-image-15514\" src=\"http:\/\/diariodevurgos.com\/dvwps\/wp-content\/uploads\/2015\/11\/calendario-noviembre.jpg\" alt=\"calendario noviembre\" width=\"426\" height=\"602\" srcset=\"https:\/\/diariodevurgos.com\/dvwps\/wp-content\/uploads\/2015\/11\/calendario-noviembre.jpg 3508w, https:\/\/diariodevurgos.com\/dvwps\/wp-content\/uploads\/2015\/11\/calendario-noviembre-212x300.jpg 212w, https:\/\/diariodevurgos.com\/dvwps\/wp-content\/uploads\/2015\/11\/calendario-noviembre-724x1024.jpg 724w, https:\/\/diariodevurgos.com\/dvwps\/wp-content\/uploads\/2015\/11\/calendario-noviembre-100x141.jpg 100w, https:\/\/diariodevurgos.com\/dvwps\/wp-content\/uploads\/2015\/11\/calendario-noviembre-150x212.jpg 150w, https:\/\/diariodevurgos.com\/dvwps\/wp-content\/uploads\/2015\/11\/calendario-noviembre-200x283.jpg 200w, https:\/\/diariodevurgos.com\/dvwps\/wp-content\/uploads\/2015\/11\/calendario-noviembre-300x424.jpg 300w, https:\/\/diariodevurgos.com\/dvwps\/wp-content\/uploads\/2015\/11\/calendario-noviembre-450x636.jpg 450w, https:\/\/diariodevurgos.com\/dvwps\/wp-content\/uploads\/2015\/11\/calendario-noviembre-600x849.jpg 600w, https:\/\/diariodevurgos.com\/dvwps\/wp-content\/uploads\/2015\/11\/calendario-noviembre-900x1273.jpg 900w\" sizes=\"(max-width: 426px) 100vw, 426px\" \/><\/a><\/p>\n","protected":false},"excerpt":{"rendered":"<p>El CSR Gamonal contin\u00faa a todo tren con su campa\u00f1a de resistencia al desalojo con un extenso programa de actividades para este mes de noviembre. Una programaci\u00f3n en la que se alteran representaciones teatrales, charlas y conciertos musicales. Como plato fuerte, destaca la curiosa iniciativa Rodea el Cord\u00f3n programada para el viernes 13 de noviembre&#8230;  <a href=\"https:\/\/diariodevurgos.com\/dvwps\/defendamos-el-csr-actividades-en-el-centro-social-recuperado-gamonal-para-el-mes-de-noviembre.php\" class=\"more-link\" title=\"Read \u00a1Defendamos el CSR! Actividades en el Centro Social Recuperado Gamonal para el mes de noviembre\">Read more &raquo;<\/a><\/p>\n","protected":false},"author":2,"featured_media":0,"comment_status":"open","ping_status":"closed","sticky":false,"template":"","format":"standard","meta":[],"categories":[2,57,78,27,49],"tags":[],"_links":{"self":[{"href":"https:\/\/diariodevurgos.com\/dvwps\/wp-json\/wp\/v2\/posts\/15505"}],"collection":[{"href":"https:\/\/diariodevurgos.com\/dvwps\/wp-json\/wp\/v2\/posts"}],"about":[{"href":"https:\/\/diariodevurgos.com\/dvwps\/wp-json\/wp\/v2\/types\/post"}],"author":[{"embeddable":true,"href":"https:\/\/diariodevurgos.com\/dvwps\/wp-json\/wp\/v2\/users\/2"}],"replies":[{"embeddable":true,"href":"https:\/\/diariodevurgos.com\/dvwps\/wp-json\/wp\/v2\/comments?post=15505"}],"version-history":[{"count":3,"href":"https:\/\/diariodevurgos.com\/dvwps\/wp-json\/wp\/v2\/posts\/15505\/revisions"}],"predecessor-version":[{"id":15516,"href":"https:\/\/diariodevurgos.com\/dvwps\/wp-json\/wp\/v2\/posts\/15505\/revisions\/15516"}],"wp:attachment":[{"href":"https:\/\/diariodevurgos.com\/dvwps\/wp-json\/wp\/v2\/media?parent=15505"}],"wp:term":[{"taxonomy":"category","embeddable":true,"href":"https:\/\/diariodevurgos.com\/dvwps\/wp-json\/wp\/v2\/categories?post=15505"},{"taxonomy":"post_tag","embeddable":true,"href":"https:\/\/diariodevurgos.com\/dvwps\/wp-json\/wp\/v2\/tags?post=15505"}],"curies":[{"name":"wp","href":"https:\/\/api.w.org\/{rel}","templated":true}]}}