{"id":15536,"date":"2015-11-15T19:30:11","date_gmt":"2015-11-15T18:30:11","guid":{"rendered":"http:\/\/diariodevurgos.com\/dvwps\/?p=15536"},"modified":"2015-11-15T19:30:37","modified_gmt":"2015-11-15T18:30:37","slug":"comunicado-de-alternative-libertaire-atentados-en-paris-contras-sus-guerras-nuestra-solidaridad","status":"publish","type":"post","link":"https:\/\/diariodevurgos.com\/dvwps\/comunicado-de-alternative-libertaire-atentados-en-paris-contras-sus-guerras-nuestra-solidaridad.php","title":{"rendered":"Comunicado de Alternative Libertaire: Atentados en Par\u00ed\u00ads. Contras sus guerras, nuestra solidaridad"},"content":{"rendered":"<p class=\"lead\">Una ola de ataques mortales tuvo lugar ayer por la noche en Par\u00ed\u00ads y Saint-Denis. El gobierno franc\u00e9s ha estado llevando a cabo guerras en varios pa\u00ed\u00adses (Libia, Mal\u00ed\u00ad, Siria &#8230;) desde hace a\u00f1os. Estas guerras hoy en d\u00ed\u00ada tienen un impacto en el territorio franc\u00e9s.<\/p>\n<p style=\"text-align: center;\"><a href=\"http:\/\/diariodevurgos.com\/dvwps\/wp-content\/uploads\/2015\/11\/photo20130623_171246.jpg\"><img loading=\"lazy\" class=\"aligncenter wp-image-15537\" src=\"http:\/\/diariodevurgos.com\/dvwps\/wp-content\/uploads\/2015\/11\/photo20130623_171246.jpg\" alt=\"photo20130623_171246\" width=\"484\" height=\"290\" srcset=\"https:\/\/diariodevurgos.com\/dvwps\/wp-content\/uploads\/2015\/11\/photo20130623_171246.jpg 765w, https:\/\/diariodevurgos.com\/dvwps\/wp-content\/uploads\/2015\/11\/photo20130623_171246-300x180.jpg 300w, https:\/\/diariodevurgos.com\/dvwps\/wp-content\/uploads\/2015\/11\/photo20130623_171246-100x60.jpg 100w, https:\/\/diariodevurgos.com\/dvwps\/wp-content\/uploads\/2015\/11\/photo20130623_171246-150x90.jpg 150w, https:\/\/diariodevurgos.com\/dvwps\/wp-content\/uploads\/2015\/11\/photo20130623_171246-200x120.jpg 200w, https:\/\/diariodevurgos.com\/dvwps\/wp-content\/uploads\/2015\/11\/photo20130623_171246-450x269.jpg 450w, https:\/\/diariodevurgos.com\/dvwps\/wp-content\/uploads\/2015\/11\/photo20130623_171246-600x359.jpg 600w\" sizes=\"(max-width: 484px) 100vw, 484px\" \/><\/a><!--more--><\/p>\n<p>Hemos afrontado a los ataques que han tenido el objetivo de difundir el terror y estimular divisiones dentro de la poblaci\u00f3n. <em>Alternative Libertaire<\/em> condena estos ataques: matar a la gente al azar en la calle con el \u00fanico prop\u00f3sito de crear terror es algo despreciable. Estos ataques son obra de un movimiento pol\u00ed\u00adtico \u2013el yihadismo salafista\u2013 cuyas primeras v\u00ed\u00adctimas son las poblaciones civiles de Oriente Medio y que ya han afectado a Beirut en los \u00faltimos d\u00ed\u00adas. Este mismo movimiento pol\u00ed\u00adtico es el que perpetua la guerra contra las fuerzas progresistas de la poblaci\u00f3n kurda en Siria.<\/p>\n<p>A ra\u00ed\u00adz de estos ataques, seremos testigos de un frenes\u00ed\u00ad de seguridad que es mantenido por las fuerzas pol\u00ed\u00adticas que utilizan el miedo para posicionarnos los unos contra los otros. Ahora, los inmigrantes y la minor\u00ed\u00ada musulmana en este pa\u00ed\u00ads est\u00e1n empezando a ser afectados por las declaraciones pol\u00ed\u00adticas y se convierten en objeto de represalias indiscriminadas.<\/p>\n<p>Las medidas de restricci\u00f3n de la libertad y el fortalecimiento de \u00e9sta no previenen nuevos ataques. El estado de emergencia representa la suspensi\u00f3n de muchos de los derechos democr\u00e1ticos, la legalizaci\u00f3n de las medidas de represi\u00f3n a gran escala con respecto a los diversos sectores de la poblaci\u00f3n que no tienen nada que ver con los ataques.<\/p>\n<p>Estamos en contra de la decisi\u00f3n del gobierno de tomar esta oportunidad para prohibir las movilizaciones populares y ecologistas por venir. Todo esto llevar\u00e1 a dividir y fortalecer los temores y odios. Y s\u00f3lo conducir\u00e1 a un incremento de los ataques terroristas cada vez m\u00e1s sangrientos y a respuestas de seguridad cada vez m\u00e1s represivas. La respuesta no es ni la retirada ni la militarizaci\u00f3n de la sociedad.<\/p>\n<p>La soluci\u00f3n no vendr\u00e1 de aquellos que han contribuido a esta situaci\u00f3n mediante sus pol\u00ed\u00adticas militaristas, imperialistas, discriminatorias y de odio. Ellos usan esto para imponer un estado policial cada vez m\u00e1s fuerte y una falsa unidad nacional entre explotadores y explotados, que rechazamos y denunciamos.<\/p>\n<p>La soluci\u00f3n requiere el fortalecimiento de la solidaridad, en los barrios y en nuestros centros de trabajo, y por medio de la asociaci\u00f3n de todas las personas que se niegan a soportar los reg\u00ed\u00admenes de terror. \u00a1No quedar\u00e1 como caso aislado! Vamos a encontrarnos para hablar de nuestras responsabilidades con esta situaci\u00f3n, sobre todo en t\u00e9rminos de acciones conjuntas de todas las fuerzas de transformaci\u00f3n social posibles.<\/p>\n<p style=\"text-align: right;\"><strong><em>Alternative Libertaire<\/em>, 14 de Noviembre 2015<\/strong><\/p>\n","protected":false},"excerpt":{"rendered":"<p>Una ola de ataques mortales tuvo lugar ayer por la noche en Par\u00ed\u00ads y Saint-Denis. El gobierno franc\u00e9s ha estado llevando a cabo guerras en varios pa\u00ed\u00adses (Libia, Mal\u00ed\u00ad, Siria &#8230;) desde hace a\u00f1os. Estas guerras hoy en d\u00ed\u00ada tienen un impacto en el territorio franc\u00e9s.<\/p>\n","protected":false},"author":2,"featured_media":0,"comment_status":"open","ping_status":"closed","sticky":false,"template":"","format":"standard","meta":[],"categories":[24],"tags":[],"_links":{"self":[{"href":"https:\/\/diariodevurgos.com\/dvwps\/wp-json\/wp\/v2\/posts\/15536"}],"collection":[{"href":"https:\/\/diariodevurgos.com\/dvwps\/wp-json\/wp\/v2\/posts"}],"about":[{"href":"https:\/\/diariodevurgos.com\/dvwps\/wp-json\/wp\/v2\/types\/post"}],"author":[{"embeddable":true,"href":"https:\/\/diariodevurgos.com\/dvwps\/wp-json\/wp\/v2\/users\/2"}],"replies":[{"embeddable":true,"href":"https:\/\/diariodevurgos.com\/dvwps\/wp-json\/wp\/v2\/comments?post=15536"}],"version-history":[{"count":2,"href":"https:\/\/diariodevurgos.com\/dvwps\/wp-json\/wp\/v2\/posts\/15536\/revisions"}],"predecessor-version":[{"id":15539,"href":"https:\/\/diariodevurgos.com\/dvwps\/wp-json\/wp\/v2\/posts\/15536\/revisions\/15539"}],"wp:attachment":[{"href":"https:\/\/diariodevurgos.com\/dvwps\/wp-json\/wp\/v2\/media?parent=15536"}],"wp:term":[{"taxonomy":"category","embeddable":true,"href":"https:\/\/diariodevurgos.com\/dvwps\/wp-json\/wp\/v2\/categories?post=15536"},{"taxonomy":"post_tag","embeddable":true,"href":"https:\/\/diariodevurgos.com\/dvwps\/wp-json\/wp\/v2\/tags?post=15536"}],"curies":[{"name":"wp","href":"https:\/\/api.w.org\/{rel}","templated":true}]}}