{"id":15540,"date":"2015-11-16T20:26:39","date_gmt":"2015-11-16T19:26:39","guid":{"rendered":"http:\/\/diariodevurgos.com\/dvwps\/?p=15540"},"modified":"2015-11-16T20:26:39","modified_gmt":"2015-11-16T19:26:39","slug":"comunicado-de-la-federation-anarchiste-contra-la-represion-estatal-y-el-oscurantismo-religioso","status":"publish","type":"post","link":"https:\/\/diariodevurgos.com\/dvwps\/comunicado-de-la-federation-anarchiste-contra-la-represion-estatal-y-el-oscurantismo-religioso.php","title":{"rendered":"Comunicado de la Federation Anarchiste: contra la represi\u00f3n estatal y el oscurantismo religioso"},"content":{"rendered":"<p class=\"lead\">La <a href=\"http:\/\/www.federation-anarchiste.org\/\">Federaci\u00f3n anarquista (franc\u00f3fona)<\/a> se posiciona contra la estafa ecologista de la COP21, organizada por los mismos que son responsables de todos los problemas medioambientales a la escala mundial, y contra el oscurantismo religioso del Estado isl\u00e1mico y sus ataques contra la poblaci\u00f3n, dentro y fuera de Francia. Fuente:<a href=\"http:\/\/www.alasbarricadas.org\/noticias\/node\/35244\"> alasbarricadas.org<\/a><\/p>\n<p style=\"text-align: center;\"><a href=\"http:\/\/diariodevurgos.com\/dvwps\/wp-content\/uploads\/2015\/11\/FA.png\"><img loading=\"lazy\" class=\"aligncenter  wp-image-15541\" src=\"http:\/\/diariodevurgos.com\/dvwps\/wp-content\/uploads\/2015\/11\/FA.png\" alt=\"FA\" width=\"484\" height=\"101\" srcset=\"https:\/\/diariodevurgos.com\/dvwps\/wp-content\/uploads\/2015\/11\/FA.png 585w, https:\/\/diariodevurgos.com\/dvwps\/wp-content\/uploads\/2015\/11\/FA-300x63.png 300w, https:\/\/diariodevurgos.com\/dvwps\/wp-content\/uploads\/2015\/11\/FA-100x21.png 100w, https:\/\/diariodevurgos.com\/dvwps\/wp-content\/uploads\/2015\/11\/FA-150x31.png 150w, https:\/\/diariodevurgos.com\/dvwps\/wp-content\/uploads\/2015\/11\/FA-200x42.png 200w, https:\/\/diariodevurgos.com\/dvwps\/wp-content\/uploads\/2015\/11\/FA-450x94.png 450w\" sizes=\"(max-width: 484px) 100vw, 484px\" \/><\/a><\/p>\n<p><!--more--><\/p>\n<p>Hoy d\u00ed\u00ada m\u00e1s que nunca la libertad es atacada por el Estado y el oscurantismo religioso. Mientras que el Estado franc\u00e9s organiza la represi\u00f3n contra los anti-capitalistas y libertarios que quieren llegar a Par\u00ed\u00ads para la COP21, colabora con reg\u00ed\u00admenes islamistas como el Estado turco, iranio y saudita, por consecuencia contra las poblaciones kurdas que se encuentran en primera linea contra el Estado isl\u00e1mico.<\/p>\n<p>A ra\u00ed\u00adz de los atentados terroristas del 13 de Noviembre del 2015, reivindicados por el Estado isl\u00e1mico, el Estado franc\u00e9s, que est\u00e1 en guerra en Siria, pero tambi\u00e9n en N\u00ed\u00adger, Mali y Chad, acaba de declarar el estado de urgencia en todo el pa\u00ed\u00ads, permiti\u00e9ndose violar las libertades p\u00fablicas. Durante la COP21, adem\u00e1s del cierre de las fronteras que ya hab\u00ed\u00ada sido programado, se corre el riesgo de que aumente la represi\u00f3n contra las acciones anticapitalistas. Los planes &#8220;Vigipirate&#8221;\u009d han demostrado su inutilidad y el estado de urgencia no ser\u00e1 m\u00e1s eficaz. Todo esto beneficiar\u00e1 a los islamistas y fascistas de todo tipo, encantados de presenciar la militarizaci\u00f3n y polarizaci\u00f3n de la sociedad francesa y la degradaci\u00f3n de las libertades individuales.<\/p>\n<p>En el fondo del problema, desde hace a\u00f1os, la miseria, el racismo y el estigma de franceses de origen extranjero, notablemente en las periferias urbanas, ha permitido la radicalizaci\u00f3n de centenas de j\u00f3venes que partieron a Siria o Iraq para el yihad, o que acaban de cometer los atentados que han tomado la vida de 128 personas inocentes. En estos lugares donde la miseria est\u00e1 m\u00e1s presente, la manipulaci\u00f3n de islamistas radicales es facilitada por la ausencia de organizaciones que pudieran abrir una perspectiva colectiva emancipadora.<\/p>\n<p>Mientras que el Estado franc\u00e9s contin\u00fae a colaborar hip\u00f3critamente con Estados teocr\u00e1ticos, mientras que estigmatice a la juventud francesa de origen extranjero o confesi\u00f3n musulmana, mientras de lecciones moralizadoras sobre la ecolog\u00ed\u00ada a la vez que contin\u00faa su campa\u00f1a imperialista en Africa para proteger las minas de uranio de la compa\u00f1\u00ed\u00ada Areva, el terrorismo fundamentalista y estatal continuar\u00e1.<\/p>\n<p>Contra el Estado y el oscurantismo, organicemos la resistencia social y libertaria!<\/p>\n<p><strong>Secretariado de Relaciones Internacionales &#8211; Federaci\u00f3n Anarquista Franc\u00f3fona<\/strong><\/p>\n","protected":false},"excerpt":{"rendered":"<p>La Federaci\u00f3n anarquista (franc\u00f3fona) se posiciona contra la estafa ecologista de la COP21, organizada por los mismos que son responsables de todos los problemas medioambientales a la escala mundial, y contra el oscurantismo religioso del Estado isl\u00e1mico y sus ataques contra la poblaci\u00f3n, dentro y fuera de Francia. Fuente: alasbarricadas.org<\/p>\n","protected":false},"author":2,"featured_media":0,"comment_status":"open","ping_status":"closed","sticky":false,"template":"","format":"standard","meta":[],"categories":[24,77,79,7],"tags":[],"_links":{"self":[{"href":"https:\/\/diariodevurgos.com\/dvwps\/wp-json\/wp\/v2\/posts\/15540"}],"collection":[{"href":"https:\/\/diariodevurgos.com\/dvwps\/wp-json\/wp\/v2\/posts"}],"about":[{"href":"https:\/\/diariodevurgos.com\/dvwps\/wp-json\/wp\/v2\/types\/post"}],"author":[{"embeddable":true,"href":"https:\/\/diariodevurgos.com\/dvwps\/wp-json\/wp\/v2\/users\/2"}],"replies":[{"embeddable":true,"href":"https:\/\/diariodevurgos.com\/dvwps\/wp-json\/wp\/v2\/comments?post=15540"}],"version-history":[{"count":1,"href":"https:\/\/diariodevurgos.com\/dvwps\/wp-json\/wp\/v2\/posts\/15540\/revisions"}],"predecessor-version":[{"id":15542,"href":"https:\/\/diariodevurgos.com\/dvwps\/wp-json\/wp\/v2\/posts\/15540\/revisions\/15542"}],"wp:attachment":[{"href":"https:\/\/diariodevurgos.com\/dvwps\/wp-json\/wp\/v2\/media?parent=15540"}],"wp:term":[{"taxonomy":"category","embeddable":true,"href":"https:\/\/diariodevurgos.com\/dvwps\/wp-json\/wp\/v2\/categories?post=15540"},{"taxonomy":"post_tag","embeddable":true,"href":"https:\/\/diariodevurgos.com\/dvwps\/wp-json\/wp\/v2\/tags?post=15540"}],"curies":[{"name":"wp","href":"https:\/\/api.w.org\/{rel}","templated":true}]}}