{"id":15548,"date":"2015-11-17T10:00:47","date_gmt":"2015-11-17T09:00:47","guid":{"rendered":"http:\/\/diariodevurgos.com\/dvwps\/?p=15548"},"modified":"2015-11-17T01:59:23","modified_gmt":"2015-11-17T00:59:23","slug":"la-marcha-a-paris-contra-el-cambio-climatico-llega-a-burgos-bicicletada-contra-el-fracking-el-ttip-y-cambio-climatico","status":"publish","type":"post","link":"https:\/\/diariodevurgos.com\/dvwps\/la-marcha-a-paris-contra-el-cambio-climatico-llega-a-burgos-bicicletada-contra-el-fracking-el-ttip-y-cambio-climatico.php","title":{"rendered":"La marcha a Par\u00ed\u00ads  contra el cambio clim\u00e1tico llega a Burgos. Bicicletada contra el fracking ,el TTIP y Cambio Clim\u00e1tico"},"content":{"rendered":"<p class=\"lead\"><a href=\"http:\/\/diariodevurgos.com\/dvwps\/wp-content\/uploads\/2015\/11\/untitled.png\"><img loading=\"lazy\" class=\"alignleft wp-image-15549 \" src=\"http:\/\/diariodevurgos.com\/dvwps\/wp-content\/uploads\/2015\/11\/untitled.png\" alt=\"untitled\" width=\"374\" height=\"264\" srcset=\"https:\/\/diariodevurgos.com\/dvwps\/wp-content\/uploads\/2015\/11\/untitled.png 757w, https:\/\/diariodevurgos.com\/dvwps\/wp-content\/uploads\/2015\/11\/untitled-300x212.png 300w, https:\/\/diariodevurgos.com\/dvwps\/wp-content\/uploads\/2015\/11\/untitled-100x71.png 100w, https:\/\/diariodevurgos.com\/dvwps\/wp-content\/uploads\/2015\/11\/untitled-150x106.png 150w, https:\/\/diariodevurgos.com\/dvwps\/wp-content\/uploads\/2015\/11\/untitled-200x141.png 200w, https:\/\/diariodevurgos.com\/dvwps\/wp-content\/uploads\/2015\/11\/untitled-450x318.png 450w, https:\/\/diariodevurgos.com\/dvwps\/wp-content\/uploads\/2015\/11\/untitled-600x424.png 600w\" sizes=\"(max-width: 374px) 100vw, 374px\" \/><\/a><span style=\"font-size: small;\">El d\u00ed\u00ada 15 de noviembre partir\u00e1 de Madrid la marcha en bicicleta &#8220;SOLUCIONES al cambio clim\u00e1tico&#8221;\u009d, con el objetivo de llegar a Par\u00ed\u00ads, con motivo de la celebraci\u00f3n de la Cumbre Mundial del Clima, con una petici\u00f3n clara: &#8220;Que se logre un acuerdo global de reducci\u00f3n de emisiones de efecto invernadero, justo y vinculante, acorde con las recomendaciones cient\u00ed\u00adficas de los informes IPPC, que evite superar la barrera de los 2\u00baC&#8221;\u009d.<\/span><\/p>\n<p><span style=\"font-size: small;\">El camino a Par\u00ed\u00ads se realizar\u00e1 en etapas, siendo Burgos final de etapa el d\u00ed\u00ada 21. Varias organizaciones y colectivos de Burgos\u00a0se han\u00a0adherido al proyecto SOLUCIONES al cambio clim\u00e1tico para arroparles en su llegada a la ciudad, apoyar las reivindicaciones y colaborar en la difusi\u00f3n de los objetivos. Por este motivo, el\u00a0domingo<strong> 22 de noviembre,<\/strong>\u00a0estar\u00e1n en las calles y en las plazas en un ambiente festivo. <\/span><\/p>\n<p><span style=\"font-size: small;\">\u00a0Se suman a estas reivindicaciones\u00a0las implicaciones de la firma del <a href=\"http:\/\/noalttip.blogspot.com.es\/\" target=\"_blank\"><strong>TTIP<\/strong> (Tratado Trasatl\u00e1ntico de Comercio e Inversi\u00f3n)<\/a> en la degradaci\u00f3n ambiental y el rechazo al fracking, por la necesidad de dejar los hidrocarburos bajo tierra para conseguir el objetivo de no superaci\u00f3n de 2\u00baC. Los <a href=\"http:\/\/fracturahidraulicaenburgosno.com\/\" target=\"_blank\">inminentes proyectos de <\/a><\/span><a href=\"http:\/\/fracturahidraulicaenburgosno.com\/\" target=\"_blank\"><span style=\"font-size: small;\"><b>Fracking <\/b><\/span><\/a><span style=\"font-size: small;\">en nuestra provincia son un serio peligro para nuestra tierra, agua y aire. Adem\u00e1s, perpet\u00faan el modelo de consumo energ\u00e9tico basado en los combustibles f\u00f3siles y su emisi\u00f3n de gases de efecto invernadero que contribuyen al cambio clim\u00e1tico.<\/span><span style=\"font-size: small;\">Urge que la sociedad use todos los medios de que disponga para evitarlo. \u00a1Cambiemos el sistema, no el clima!<\/span><\/p>\n<p><span style=\"font-size: small;\">\u00a0Durante la <strong>ma\u00f1ana del domingo 22<\/strong> estar\u00e1n en el Paseo de Atapuerca, frente al Museo de la Evoluci\u00f3n donde se podr\u00e1 decorar las bicicletas, informarse de las demandas y reivindicaciones, y pasar un rato agradable mientras calientan motores para realizar una<strong> bicicletada por la ciudad que saldr\u00e1 del mismo sitio (MEH) a las 12.00h<\/strong>. Tras un recorrido por la ciudad se finalizar\u00e1en la Plaza Mayor donde nos recibir\u00e1n con m\u00fasica y un picoteo.<\/span><\/p>\n<p><span style=\"font-size: small;\">Por la tarde tendremos la oportunidad de ampliar la informaci\u00f3n sobre el proyecto con la <strong>conferencia de la\u00a0<a href=\"http:\/\/www.medioambienteycambioclimatico.org\/\" target=\"_blank\">Asociaci\u00f3n AMA<\/a>, impulsora de la marcha hacia Paris\u00a0sobre &#8220;Cambio Clim\u00e1tico y la Cumbre Mundial de Par\u00ed\u00ads&#8221;\u009d.<\/strong> Tras la exposici\u00f3n\u00a0debatir\u00e1 y buscar\u00e1 soluciones de forma colectiva. El acto tendr\u00e1 lugar en sal\u00f3n de actos de sindicatos.<strong> C\/ Calera, 12 a las 18 horas.<\/strong><\/span><\/p>\n<p><span style=\"font-size: small;\">Existe la posibilidad de unirse a la marcha en su viaje a Par\u00ed\u00ads, durante todo el trayecto o realizando algunas etapas. Para ampliar informaci\u00f3n sobre este tema,<a href=\"http:\/\/solucionescambioclimatico.org\/\" target=\"_blank\"> se pueden consultar las etapas en su web <\/a><\/span><\/p>\n<p><span style=\"font-size: small;\">\u00a0<\/span><\/p>\n","protected":false},"excerpt":{"rendered":"<p>El d\u00ed\u00ada 15 de noviembre partir\u00e1 de Madrid la marcha en bicicleta &#8220;SOLUCIONES al cambio clim\u00e1tico&#8221;\u009d, con el objetivo de llegar a Par\u00ed\u00ads, con motivo de la celebraci\u00f3n de la Cumbre Mundial del Clima, con una petici\u00f3n clara: &#8220;Que se logre un acuerdo global de reducci\u00f3n de emisiones de efecto invernadero, justo y vinculante, acorde&#8230;  <a href=\"https:\/\/diariodevurgos.com\/dvwps\/la-marcha-a-paris-contra-el-cambio-climatico-llega-a-burgos-bicicletada-contra-el-fracking-el-ttip-y-cambio-climatico.php\" class=\"more-link\" title=\"Read La marcha a Par\u00ed\u00ads  contra el cambio clim\u00e1tico llega a Burgos. Bicicletada contra el fracking ,el TTIP y Cambio Clim\u00e1tico\">Read more &raquo;<\/a><\/p>\n","protected":false},"author":8,"featured_media":0,"comment_status":"open","ping_status":"closed","sticky":false,"template":"","format":"standard","meta":[],"categories":[2,57,54],"tags":[],"_links":{"self":[{"href":"https:\/\/diariodevurgos.com\/dvwps\/wp-json\/wp\/v2\/posts\/15548"}],"collection":[{"href":"https:\/\/diariodevurgos.com\/dvwps\/wp-json\/wp\/v2\/posts"}],"about":[{"href":"https:\/\/diariodevurgos.com\/dvwps\/wp-json\/wp\/v2\/types\/post"}],"author":[{"embeddable":true,"href":"https:\/\/diariodevurgos.com\/dvwps\/wp-json\/wp\/v2\/users\/8"}],"replies":[{"embeddable":true,"href":"https:\/\/diariodevurgos.com\/dvwps\/wp-json\/wp\/v2\/comments?post=15548"}],"version-history":[{"count":4,"href":"https:\/\/diariodevurgos.com\/dvwps\/wp-json\/wp\/v2\/posts\/15548\/revisions"}],"predecessor-version":[{"id":15553,"href":"https:\/\/diariodevurgos.com\/dvwps\/wp-json\/wp\/v2\/posts\/15548\/revisions\/15553"}],"wp:attachment":[{"href":"https:\/\/diariodevurgos.com\/dvwps\/wp-json\/wp\/v2\/media?parent=15548"}],"wp:term":[{"taxonomy":"category","embeddable":true,"href":"https:\/\/diariodevurgos.com\/dvwps\/wp-json\/wp\/v2\/categories?post=15548"},{"taxonomy":"post_tag","embeddable":true,"href":"https:\/\/diariodevurgos.com\/dvwps\/wp-json\/wp\/v2\/tags?post=15548"}],"curies":[{"name":"wp","href":"https:\/\/api.w.org\/{rel}","templated":true}]}}