{"id":15557,"date":"2015-11-22T22:39:27","date_gmt":"2015-11-22T21:39:27","guid":{"rendered":"http:\/\/diariodevurgos.com\/dvwps\/?p=15557"},"modified":"2015-11-22T22:39:27","modified_gmt":"2015-11-22T21:39:27","slug":"en-libertad-el-abogado-de-cnt-encarcelado-tras-la-segunda-fase-de-la-operacion-pandora","status":"publish","type":"post","link":"https:\/\/diariodevurgos.com\/dvwps\/en-libertad-el-abogado-de-cnt-encarcelado-tras-la-segunda-fase-de-la-operacion-pandora.php","title":{"rendered":"En libertad el abogado de CNT encarcelado tras la segunda fase de la Operaci\u00f3n Pandora"},"content":{"rendered":"<p class=\"lead\">La Audiencia Nacional firma el auto de libertad dieciocho d\u00ed\u00adas despu\u00e9s de haber decretado su encarcelamiento en Soto del Real. El juez Juan Pablo Gonz\u00e1lez, tras analizar la documentaci\u00f3n elaborada por los Mossos, ordena la puesta en libertad bajo una fianza de 8.000 euros de Enrique Costoya, vecino de Santos, abogado laboralista de la CNT y activista anarquista, encarcelado desde del 30 de octubre.<\/p>\n<p style=\"text-align: center;\"><a href=\"http:\/\/diariodevurgos.com\/dvwps\/wp-content\/uploads\/2015\/11\/00180.jpg\"><img loading=\"lazy\" class=\"aligncenter  wp-image-15558\" src=\"http:\/\/diariodevurgos.com\/dvwps\/wp-content\/uploads\/2015\/11\/00180.jpg\" alt=\"00180\" width=\"338\" height=\"225\" srcset=\"https:\/\/diariodevurgos.com\/dvwps\/wp-content\/uploads\/2015\/11\/00180.jpg 420w, https:\/\/diariodevurgos.com\/dvwps\/wp-content\/uploads\/2015\/11\/00180-300x200.jpg 300w, https:\/\/diariodevurgos.com\/dvwps\/wp-content\/uploads\/2015\/11\/00180-100x67.jpg 100w, https:\/\/diariodevurgos.com\/dvwps\/wp-content\/uploads\/2015\/11\/00180-150x100.jpg 150w, https:\/\/diariodevurgos.com\/dvwps\/wp-content\/uploads\/2015\/11\/00180-200x133.jpg 200w\" sizes=\"(max-width: 338px) 100vw, 338px\" \/><\/a><\/p>\n<p>Ha pasado tres semanas en el centro penitenciario de Soto del Real, despu\u00e9s de que los polic\u00ed\u00adas antidisturbios y agentes de la Comisar\u00ed\u00ada General de Informaci\u00f3n asaltaran su domicilio la madrugada del 28 de octubre, en el marco de la segunda fase de la operaci\u00f3n Pandora. Le requisaron libros, carteles y material inform\u00e1tico. Se espera que abandone el centro penitenciario a primera hora de la tarde. Desde Proc\u00e9s Embat y el Grupo Elissa de San Andr\u00e9s de Palomar han colgado mensajes en Twitter donde le dan la &#8220;\u02dcbienvenida&#8217;.<\/p>\n","protected":false},"excerpt":{"rendered":"<p>La Audiencia Nacional firma el auto de libertad dieciocho d\u00ed\u00adas despu\u00e9s de haber decretado su encarcelamiento en Soto del Real. El juez Juan Pablo Gonz\u00e1lez, tras analizar la documentaci\u00f3n elaborada por los Mossos, ordena la puesta en libertad bajo una fianza de 8.000 euros de Enrique Costoya, vecino de Santos, abogado laboralista de la CNT&#8230;  <a href=\"https:\/\/diariodevurgos.com\/dvwps\/en-libertad-el-abogado-de-cnt-encarcelado-tras-la-segunda-fase-de-la-operacion-pandora.php\" class=\"more-link\" title=\"Read En libertad el abogado de CNT encarcelado tras la segunda fase de la Operaci\u00f3n Pandora\">Read more &raquo;<\/a><\/p>\n","protected":false},"author":2,"featured_media":0,"comment_status":"open","ping_status":"closed","sticky":false,"template":"","format":"standard","meta":[],"categories":[49,17],"tags":[],"_links":{"self":[{"href":"https:\/\/diariodevurgos.com\/dvwps\/wp-json\/wp\/v2\/posts\/15557"}],"collection":[{"href":"https:\/\/diariodevurgos.com\/dvwps\/wp-json\/wp\/v2\/posts"}],"about":[{"href":"https:\/\/diariodevurgos.com\/dvwps\/wp-json\/wp\/v2\/types\/post"}],"author":[{"embeddable":true,"href":"https:\/\/diariodevurgos.com\/dvwps\/wp-json\/wp\/v2\/users\/2"}],"replies":[{"embeddable":true,"href":"https:\/\/diariodevurgos.com\/dvwps\/wp-json\/wp\/v2\/comments?post=15557"}],"version-history":[{"count":1,"href":"https:\/\/diariodevurgos.com\/dvwps\/wp-json\/wp\/v2\/posts\/15557\/revisions"}],"predecessor-version":[{"id":15559,"href":"https:\/\/diariodevurgos.com\/dvwps\/wp-json\/wp\/v2\/posts\/15557\/revisions\/15559"}],"wp:attachment":[{"href":"https:\/\/diariodevurgos.com\/dvwps\/wp-json\/wp\/v2\/media?parent=15557"}],"wp:term":[{"taxonomy":"category","embeddable":true,"href":"https:\/\/diariodevurgos.com\/dvwps\/wp-json\/wp\/v2\/categories?post=15557"},{"taxonomy":"post_tag","embeddable":true,"href":"https:\/\/diariodevurgos.com\/dvwps\/wp-json\/wp\/v2\/tags?post=15557"}],"curies":[{"name":"wp","href":"https:\/\/api.w.org\/{rel}","templated":true}]}}