{"id":15560,"date":"2015-11-22T23:14:00","date_gmt":"2015-11-22T22:14:00","guid":{"rendered":"http:\/\/diariodevurgos.com\/dvwps\/?p=15560"},"modified":"2015-11-22T23:14:00","modified_gmt":"2015-11-22T22:14:00","slug":"de-alemania-a-bakur","status":"publish","type":"post","link":"https:\/\/diariodevurgos.com\/dvwps\/de-alemania-a-bakur.php","title":{"rendered":"De Alemania a Bakur"},"content":{"rendered":"<p class=\"lead\">A partir de la exitosa defensa de Koban\u00ed\u00aa contra el Estado Isl\u00e1mico de hace un a\u00f1o, el movimiento kurdo de resistencia ha atra\u00ed\u00addo la atenci\u00f3n de los medios internacionales de comunicaci\u00f3n. Mientras tanto, sus experimentos de formaci\u00f3n de una sociedad sin estado en los cantones aut\u00f3nomos de Rojava tienen fascinados a los anarquistas alrededor del mundo. Pero para entender la resistencia kurda en Rojava (Kurdist\u00e1n occidental), tenemos que buscar una visi\u00f3n m\u00e1s amplia sobre las luchas por la libertad y la autonom\u00ed\u00ada que se suceden en la regi\u00f3n. \u00a0<a href=\"http:\/\/www.alasbarricadas.org\/noticias\/node\/35183\">Continuar leyendo el art\u00ed\u00adculo.<\/a><\/p>\n<p style=\"text-align: center;\"><a href=\"http:\/\/diariodevurgos.com\/dvwps\/wp-content\/uploads\/2015\/11\/1a.jpg\"><img loading=\"lazy\" class=\"aligncenter  wp-image-15561\" src=\"http:\/\/diariodevurgos.com\/dvwps\/wp-content\/uploads\/2015\/11\/1a.jpg\" alt=\"1a\" width=\"552\" height=\"253\" srcset=\"https:\/\/diariodevurgos.com\/dvwps\/wp-content\/uploads\/2015\/11\/1a.jpg 630w, https:\/\/diariodevurgos.com\/dvwps\/wp-content\/uploads\/2015\/11\/1a-300x138.jpg 300w, https:\/\/diariodevurgos.com\/dvwps\/wp-content\/uploads\/2015\/11\/1a-100x46.jpg 100w, https:\/\/diariodevurgos.com\/dvwps\/wp-content\/uploads\/2015\/11\/1a-150x69.jpg 150w, https:\/\/diariodevurgos.com\/dvwps\/wp-content\/uploads\/2015\/11\/1a-200x92.jpg 200w, https:\/\/diariodevurgos.com\/dvwps\/wp-content\/uploads\/2015\/11\/1a-450x206.jpg 450w, https:\/\/diariodevurgos.com\/dvwps\/wp-content\/uploads\/2015\/11\/1a-600x275.jpg 600w\" sizes=\"(max-width: 552px) 100vw, 552px\" \/><\/a><\/p>\n<p>&nbsp;<\/p>\n","protected":false},"excerpt":{"rendered":"<p>A partir de la exitosa defensa de Koban\u00ed\u00aa contra el Estado Isl\u00e1mico de hace un a\u00f1o, el movimiento kurdo de resistencia ha atra\u00ed\u00addo la atenci\u00f3n de los medios internacionales de comunicaci\u00f3n. Mientras tanto, sus experimentos de formaci\u00f3n de una sociedad sin estado en los cantones aut\u00f3nomos de Rojava tienen fascinados a los anarquistas alrededor del&#8230;  <a href=\"https:\/\/diariodevurgos.com\/dvwps\/de-alemania-a-bakur.php\" class=\"more-link\" title=\"Read De Alemania a Bakur\">Read more &raquo;<\/a><\/p>\n","protected":false},"author":2,"featured_media":0,"comment_status":"open","ping_status":"closed","sticky":false,"template":"","format":"standard","meta":[],"categories":[33,24],"tags":[],"_links":{"self":[{"href":"https:\/\/diariodevurgos.com\/dvwps\/wp-json\/wp\/v2\/posts\/15560"}],"collection":[{"href":"https:\/\/diariodevurgos.com\/dvwps\/wp-json\/wp\/v2\/posts"}],"about":[{"href":"https:\/\/diariodevurgos.com\/dvwps\/wp-json\/wp\/v2\/types\/post"}],"author":[{"embeddable":true,"href":"https:\/\/diariodevurgos.com\/dvwps\/wp-json\/wp\/v2\/users\/2"}],"replies":[{"embeddable":true,"href":"https:\/\/diariodevurgos.com\/dvwps\/wp-json\/wp\/v2\/comments?post=15560"}],"version-history":[{"count":1,"href":"https:\/\/diariodevurgos.com\/dvwps\/wp-json\/wp\/v2\/posts\/15560\/revisions"}],"predecessor-version":[{"id":15562,"href":"https:\/\/diariodevurgos.com\/dvwps\/wp-json\/wp\/v2\/posts\/15560\/revisions\/15562"}],"wp:attachment":[{"href":"https:\/\/diariodevurgos.com\/dvwps\/wp-json\/wp\/v2\/media?parent=15560"}],"wp:term":[{"taxonomy":"category","embeddable":true,"href":"https:\/\/diariodevurgos.com\/dvwps\/wp-json\/wp\/v2\/categories?post=15560"},{"taxonomy":"post_tag","embeddable":true,"href":"https:\/\/diariodevurgos.com\/dvwps\/wp-json\/wp\/v2\/tags?post=15560"}],"curies":[{"name":"wp","href":"https:\/\/api.w.org\/{rel}","templated":true}]}}