{"id":15594,"date":"2015-11-29T13:52:54","date_gmt":"2015-11-29T12:52:54","guid":{"rendered":"http:\/\/diariodevurgos.com\/dvwps\/?p=15594"},"modified":"2015-11-29T13:52:54","modified_gmt":"2015-11-29T12:52:54","slug":"xiii-encuentro-del-libro-anarquista-de-madrid","status":"publish","type":"post","link":"https:\/\/diariodevurgos.com\/dvwps\/xiii-encuentro-del-libro-anarquista-de-madrid.php","title":{"rendered":"XIII Encuentro del Libro Anarquista de Madrid"},"content":{"rendered":"<p class=\"lead\">Durante los pr\u00f3ximos d\u00ed\u00adas<strong> 3, 4,5 y\u00a0 6 de diciembre de 2015<\/strong> se celebrar\u00e1 el <a href=\"http:\/\/encuentrodellibroanarquista.org\/\">XIII Encuentro del Libro Anarquista de Madrid<\/a>. Una nueva edici\u00f3n de este ya veterano encuentro que, como en a\u00f1os anteriores, busca crear una confluencia de intercambio de material, experiencias y comunicaci\u00f3n que apuesta por una forma diferente de entender la realidad y practicar la subversi\u00f3n.<\/p>\n<p>Tras m\u00e1s de una d\u00e9cada en la que se viene realizando este<strong> Encuentro del Libro Anarquista de Madrid<\/strong>, la cita ha terminado por convertirse en un referente ineludible para la de <a href=\"http:\/\/encuentrodellibroanarquista.org\/feria13\/wp-content\/uploads\/2015\/11\/cu%C3%B1a-elam15.mp3\">difusi\u00f3n de las ideas libertarias y el pensamiento cr\u00ed\u00adtico en nuestra geograf\u00ed\u00ada.<\/a> La nueva edici\u00f3n cuenta ya con un extenso programa de actividades donde se incluyen charlas, talleres, debates y exposici\u00f3n permanente de numerosas editoriales, que puede consultase en <a href=\"http:\/\/encuentrodellibroanarquista.org\/programa\/\">la web del Encuentro.<\/a><\/p>\n<a href=\"http:\/\/diariodevurgos.com\/dvwps\/wp-content\/uploads\/2015\/11\/cartel_morado-683x1024.jpg\"><img loading=\"lazy\" class=\"aligncenter  wp-image-15595\" src=\"http:\/\/diariodevurgos.com\/dvwps\/wp-content\/uploads\/2015\/11\/cartel_morado-683x1024.jpg\" alt=\"cartel_morado-683x1024\" width=\"421\" height=\"631\" srcset=\"https:\/\/diariodevurgos.com\/dvwps\/wp-content\/uploads\/2015\/11\/cartel_morado-683x1024.jpg 683w, https:\/\/diariodevurgos.com\/dvwps\/wp-content\/uploads\/2015\/11\/cartel_morado-683x1024-200x300.jpg 200w, https:\/\/diariodevurgos.com\/dvwps\/wp-content\/uploads\/2015\/11\/cartel_morado-683x1024-100x150.jpg 100w, https:\/\/diariodevurgos.com\/dvwps\/wp-content\/uploads\/2015\/11\/cartel_morado-683x1024-150x225.jpg 150w, https:\/\/diariodevurgos.com\/dvwps\/wp-content\/uploads\/2015\/11\/cartel_morado-683x1024-300x450.jpg 300w, https:\/\/diariodevurgos.com\/dvwps\/wp-content\/uploads\/2015\/11\/cartel_morado-683x1024-450x675.jpg 450w, https:\/\/diariodevurgos.com\/dvwps\/wp-content\/uploads\/2015\/11\/cartel_morado-683x1024-600x900.jpg 600w\" sizes=\"(max-width: 421px) 100vw, 421px\" \/><\/a>\n<p>Las actividades tendr\u00e1n lugar en varios de los centros sociales okupados de Madrid como el<a href=\"https:\/\/csoalamorada.wordpress.com\/\"> CSOA La Morada<\/a> donde tendr\u00e1 lugar las actividades del jueves 3 de diciembre, y en <a href=\"https:\/\/la13-14.squat.net\/\">la 13-14 Okupada de Vallecas,<\/a> donde se desarrollar\u00e1 el resto de la programaci\u00f3n.<\/p>\n","protected":false},"excerpt":{"rendered":"<p>Durante los pr\u00f3ximos d\u00ed\u00adas 3, 4,5 y\u00a0 6 de diciembre de 2015 se celebrar\u00e1 el XIII Encuentro del Libro Anarquista de Madrid. Una nueva edici\u00f3n de este ya veterano encuentro que, como en a\u00f1os anteriores, busca crear una confluencia de intercambio de material, experiencias y comunicaci\u00f3n que apuesta por una forma diferente de entender la&#8230;  <a href=\"https:\/\/diariodevurgos.com\/dvwps\/xiii-encuentro-del-libro-anarquista-de-madrid.php\" class=\"more-link\" title=\"Read XIII Encuentro del Libro Anarquista de Madrid\">Read more &raquo;<\/a><\/p>\n","protected":false},"author":2,"featured_media":0,"comment_status":"open","ping_status":"closed","sticky":false,"template":"","format":"standard","meta":[],"categories":[57,49,8],"tags":[],"_links":{"self":[{"href":"https:\/\/diariodevurgos.com\/dvwps\/wp-json\/wp\/v2\/posts\/15594"}],"collection":[{"href":"https:\/\/diariodevurgos.com\/dvwps\/wp-json\/wp\/v2\/posts"}],"about":[{"href":"https:\/\/diariodevurgos.com\/dvwps\/wp-json\/wp\/v2\/types\/post"}],"author":[{"embeddable":true,"href":"https:\/\/diariodevurgos.com\/dvwps\/wp-json\/wp\/v2\/users\/2"}],"replies":[{"embeddable":true,"href":"https:\/\/diariodevurgos.com\/dvwps\/wp-json\/wp\/v2\/comments?post=15594"}],"version-history":[{"count":1,"href":"https:\/\/diariodevurgos.com\/dvwps\/wp-json\/wp\/v2\/posts\/15594\/revisions"}],"predecessor-version":[{"id":15596,"href":"https:\/\/diariodevurgos.com\/dvwps\/wp-json\/wp\/v2\/posts\/15594\/revisions\/15596"}],"wp:attachment":[{"href":"https:\/\/diariodevurgos.com\/dvwps\/wp-json\/wp\/v2\/media?parent=15594"}],"wp:term":[{"taxonomy":"category","embeddable":true,"href":"https:\/\/diariodevurgos.com\/dvwps\/wp-json\/wp\/v2\/categories?post=15594"},{"taxonomy":"post_tag","embeddable":true,"href":"https:\/\/diariodevurgos.com\/dvwps\/wp-json\/wp\/v2\/tags?post=15594"}],"curies":[{"name":"wp","href":"https:\/\/api.w.org\/{rel}","templated":true}]}}