{"id":15598,"date":"2015-11-30T22:10:28","date_gmt":"2015-11-30T21:10:28","guid":{"rendered":"http:\/\/diariodevurgos.com\/dvwps\/?p=15598"},"modified":"2015-11-30T22:10:28","modified_gmt":"2015-11-30T21:10:28","slug":"rojava-no-esta-sola-publicacion-anarquista-solidaria-con-la-lucha-del-pueblo-kurdo","status":"publish","type":"post","link":"https:\/\/diariodevurgos.com\/dvwps\/rojava-no-esta-sola-publicacion-anarquista-solidaria-con-la-lucha-del-pueblo-kurdo.php","title":{"rendered":"Rojava no est\u00e1 sola. Publicaci\u00f3n anarquista solidaria con la lucha del pueblo kurdo"},"content":{"rendered":"<p class=\"lead\">La lucha del pueblo kurdo y su proceso revolucionario es una de las experiencias m\u00e1s interesantes que se est\u00e1n dando en la actualidad ya que pone de manifiesto la capacidad creadora de los pueblos a trav\u00e9s de herramientas como la autogesti\u00f3n o el confederalismo democr\u00e1tico. Desde la publicaci\u00f3n <a href=\"http:\/\/rojavanoestasola.noblogs.org\/\">Rojava no est\u00e1s sola<\/a>, extensi\u00f3n en formato revista de la web con el mismo nombre, se aportan diferentes textos y reflexiones que permiten acercarnos a la intensa lucha que est\u00e1 llevando a cabo la poblaci\u00f3n kurda atenazada por los ataques del ISIS, por un lado, y de la OTAN,por otro.<\/p>\n<a href=\"http:\/\/diariodevurgos.com\/dvwps\/wp-content\/uploads\/2015\/11\/descarga.jpe\"><img loading=\"lazy\" class=\"aligncenter  wp-image-15599\" src=\"http:\/\/diariodevurgos.com\/dvwps\/wp-content\/uploads\/2015\/11\/descarga.jpe\" alt=\"descarga\" width=\"245\" height=\"344\" srcset=\"https:\/\/diariodevurgos.com\/dvwps\/wp-content\/uploads\/2015\/11\/descarga.jpe 171w, https:\/\/diariodevurgos.com\/dvwps\/wp-content\/uploads\/2015\/11\/descarga-100x140.jpe 100w, https:\/\/diariodevurgos.com\/dvwps\/wp-content\/uploads\/2015\/11\/descarga-150x211.jpe 150w\" sizes=\"(max-width: 245px) 100vw, 245px\" \/><\/a>\n<p>La publicaci\u00f3n puede encontrarse ya en Burgos en diferentes puntos de distribuci\u00f3n o descargarse en formato PDF a trav\u00e9s del siguiente enlace: <a href=\"http:\/\/rojavanoestasola.noblogs.org\/files\/2015\/10\/Revistaed2baja.pdf\">Rojava no est\u00e1 sola.<\/a><\/p>\n","protected":false},"excerpt":{"rendered":"<p>La lucha del pueblo kurdo y su proceso revolucionario es una de las experiencias m\u00e1s interesantes que se est\u00e1n dando en la actualidad ya que pone de manifiesto la capacidad creadora de los pueblos a trav\u00e9s de herramientas como la autogesti\u00f3n o el confederalismo democr\u00e1tico. Desde la publicaci\u00f3n Rojava no est\u00e1s sola, extensi\u00f3n en formato&#8230;  <a href=\"https:\/\/diariodevurgos.com\/dvwps\/rojava-no-esta-sola-publicacion-anarquista-solidaria-con-la-lucha-del-pueblo-kurdo.php\" class=\"more-link\" title=\"Read Rojava no est\u00e1 sola. Publicaci\u00f3n anarquista solidaria con la lucha del pueblo kurdo\">Read more &raquo;<\/a><\/p>\n","protected":false},"author":2,"featured_media":0,"comment_status":"open","ping_status":"closed","sticky":false,"template":"","format":"standard","meta":[],"categories":[24,49,8],"tags":[],"_links":{"self":[{"href":"https:\/\/diariodevurgos.com\/dvwps\/wp-json\/wp\/v2\/posts\/15598"}],"collection":[{"href":"https:\/\/diariodevurgos.com\/dvwps\/wp-json\/wp\/v2\/posts"}],"about":[{"href":"https:\/\/diariodevurgos.com\/dvwps\/wp-json\/wp\/v2\/types\/post"}],"author":[{"embeddable":true,"href":"https:\/\/diariodevurgos.com\/dvwps\/wp-json\/wp\/v2\/users\/2"}],"replies":[{"embeddable":true,"href":"https:\/\/diariodevurgos.com\/dvwps\/wp-json\/wp\/v2\/comments?post=15598"}],"version-history":[{"count":1,"href":"https:\/\/diariodevurgos.com\/dvwps\/wp-json\/wp\/v2\/posts\/15598\/revisions"}],"predecessor-version":[{"id":15600,"href":"https:\/\/diariodevurgos.com\/dvwps\/wp-json\/wp\/v2\/posts\/15598\/revisions\/15600"}],"wp:attachment":[{"href":"https:\/\/diariodevurgos.com\/dvwps\/wp-json\/wp\/v2\/media?parent=15598"}],"wp:term":[{"taxonomy":"category","embeddable":true,"href":"https:\/\/diariodevurgos.com\/dvwps\/wp-json\/wp\/v2\/categories?post=15598"},{"taxonomy":"post_tag","embeddable":true,"href":"https:\/\/diariodevurgos.com\/dvwps\/wp-json\/wp\/v2\/tags?post=15598"}],"curies":[{"name":"wp","href":"https:\/\/api.w.org\/{rel}","templated":true}]}}