{"id":15604,"date":"2015-12-01T19:28:40","date_gmt":"2015-12-01T18:28:40","guid":{"rendered":"http:\/\/diariodevurgos.com\/dvwps\/?p=15604"},"modified":"2015-12-01T19:28:40","modified_gmt":"2015-12-01T18:28:40","slug":"manana-seras-tu-estreno-del-documental-sobre-la-autogestion-de-la-fabrica-burgalesa-de-cyfisa-en-el-csr-gamonal","status":"publish","type":"post","link":"https:\/\/diariodevurgos.com\/dvwps\/manana-seras-tu-estreno-del-documental-sobre-la-autogestion-de-la-fabrica-burgalesa-de-cyfisa-en-el-csr-gamonal.php","title":{"rendered":"&#8220;Ma\u00f1ana ser\u00e1s t\u00fa&#8221;\u009d. Estreno del documental sobre la autogesti\u00f3n de la f\u00e1brica burgalesa de CYFISA en el CSR Gamonal"},"content":{"rendered":"<p class=\"lead\">A finales de los a\u00f1os setenta <strong>CYFISA<\/strong>, empresa dedicada a la fabricaci\u00f3n y venta de calefactores y otros elementos relacionados con el fr\u00ed\u00ado y el calor, vivi\u00f3 un proceso de autogesti\u00f3n sin precedentes en la ciudad de Burgos. Frente a las inquietantes maniobras por parte de la direcci\u00f3n de la empresa que pretend\u00ed\u00ada despedir a m\u00e1s de la mitad de la plantilla, los trabajadores toman la iniciativa y deciden hacerse con el control de la f\u00e1brica <a href=\"http:\/\/elperdigonazo.blogspot.com.es\/2012\/03\/cyfisa-una-alternativa-al-paro.html\">poni\u00e9ndola en marcha a trav\u00e9s de la autogesti\u00f3n.<\/a><\/p>\n<p style=\"text-align: center;\"><a href=\"http:\/\/diariodevurgos.com\/dvwps\/wp-content\/uploads\/2015\/12\/4mini.jpg\"><img loading=\"lazy\" class=\"aligncenter  wp-image-15605\" src=\"http:\/\/diariodevurgos.com\/dvwps\/wp-content\/uploads\/2015\/12\/4mini.jpg\" alt=\"4mini\" width=\"434\" height=\"362\" srcset=\"https:\/\/diariodevurgos.com\/dvwps\/wp-content\/uploads\/2015\/12\/4mini.jpg 300w, https:\/\/diariodevurgos.com\/dvwps\/wp-content\/uploads\/2015\/12\/4mini-100x83.jpg 100w, https:\/\/diariodevurgos.com\/dvwps\/wp-content\/uploads\/2015\/12\/4mini-150x125.jpg 150w, https:\/\/diariodevurgos.com\/dvwps\/wp-content\/uploads\/2015\/12\/4mini-200x167.jpg 200w\" sizes=\"(max-width: 434px) 100vw, 434px\" \/><\/a><\/p>\n<p>El documental <strong>&#8220;Ma\u00f1ana ser\u00e1s t\u00fa&#8221;\u009d<\/strong>, que ser\u00e1 estrenado el <strong>pr\u00f3ximo viernes 11 de diciembre<\/strong> a las <strong>21.00 horas<\/strong> <a href=\"http:\/\/csrgamonal.ga\/2015\/11\/30\/estreno-corto-documental-manana-seras-tu\/\">en el CSR Gamonal<\/a>, narra la historia de una experiencia vital que logr\u00f3 convertirse en una alternativa al capitalismo. Un documental que recoge el testimonio de cinco de los trabajadores que vivieron el proceso de autogesti\u00f3n demostrando que eran capaces de hacer realidad la utop\u00ed\u00ada.<\/p>\n<p style=\"text-align: center;\"><a href=\"http:\/\/diariodevurgos.com\/dvwps\/wp-content\/uploads\/2015\/12\/estrenomin.jpg\"><img loading=\"lazy\" class=\"aligncenter  wp-image-15606\" src=\"http:\/\/diariodevurgos.com\/dvwps\/wp-content\/uploads\/2015\/12\/estrenomin.jpg\" alt=\"estrenomin\" width=\"362\" height=\"1024\" srcset=\"https:\/\/diariodevurgos.com\/dvwps\/wp-content\/uploads\/2015\/12\/estrenomin.jpg 454w, https:\/\/diariodevurgos.com\/dvwps\/wp-content\/uploads\/2015\/12\/estrenomin-106x300.jpg 106w, https:\/\/diariodevurgos.com\/dvwps\/wp-content\/uploads\/2015\/12\/estrenomin-362x1024.jpg 362w, https:\/\/diariodevurgos.com\/dvwps\/wp-content\/uploads\/2015\/12\/estrenomin-100x283.jpg 100w, https:\/\/diariodevurgos.com\/dvwps\/wp-content\/uploads\/2015\/12\/estrenomin-150x424.jpg 150w, https:\/\/diariodevurgos.com\/dvwps\/wp-content\/uploads\/2015\/12\/estrenomin-200x566.jpg 200w, https:\/\/diariodevurgos.com\/dvwps\/wp-content\/uploads\/2015\/12\/estrenomin-300x848.jpg 300w, https:\/\/diariodevurgos.com\/dvwps\/wp-content\/uploads\/2015\/12\/estrenomin-450x1273.jpg 450w\" sizes=\"(max-width: 362px) 100vw, 362px\" \/><\/a><\/p>\n<p><strong>&#8220;Ma\u00f1ana ser\u00e1s t\u00fa&#8221;\u009d Corto documental sobre CIFISA<\/strong> cuenta ya con una web propia, <a href=\"http:\/\/cyfisa.org\/\">cyfisa.org<\/a>, en la que se puede encontrar diversa documentaci\u00f3n sobre el proceso de autogesti\u00f3n de la empresa. Para conocer m\u00e1s informaci\u00f3n sobre CYFISA, desde<strong> DV<\/strong> os remitimos tambi\u00e9n<a href=\"http:\/\/diariodevurgos.com\/dvwps\/haciendo-realidad-la-utopia-el-proceso-de-autogestion-de-cyfisa-en-burgos.php\"> a la entrevista que realizamos hace ya alg\u00fan tiempo con uno de los trabajadores que particip\u00f3 durante m\u00e1s de un a\u00f1o en el proceso de autogesti\u00f3n<\/a>.<\/p>\n","protected":false},"excerpt":{"rendered":"<p>A finales de los a\u00f1os setenta CYFISA, empresa dedicada a la fabricaci\u00f3n y venta de calefactores y otros elementos relacionados con el fr\u00ed\u00ado y el calor, vivi\u00f3 un proceso de autogesti\u00f3n sin precedentes en la ciudad de Burgos. Frente a las inquietantes maniobras por parte de la direcci\u00f3n de la empresa que pretend\u00ed\u00ada despedir a&#8230;  <a href=\"https:\/\/diariodevurgos.com\/dvwps\/manana-seras-tu-estreno-del-documental-sobre-la-autogestion-de-la-fabrica-burgalesa-de-cyfisa-en-el-csr-gamonal.php\" class=\"more-link\" title=\"Read &#8220;Ma\u00f1ana ser\u00e1s t\u00fa&#8221;\u009d. Estreno del documental sobre la autogesti\u00f3n de la f\u00e1brica burgalesa de CYFISA en el CSR Gamonal\">Read more &raquo;<\/a><\/p>\n","protected":false},"author":2,"featured_media":0,"comment_status":"open","ping_status":"closed","sticky":false,"template":"","format":"standard","meta":[],"categories":[61,2,57,78,27,6,49,8],"tags":[],"_links":{"self":[{"href":"https:\/\/diariodevurgos.com\/dvwps\/wp-json\/wp\/v2\/posts\/15604"}],"collection":[{"href":"https:\/\/diariodevurgos.com\/dvwps\/wp-json\/wp\/v2\/posts"}],"about":[{"href":"https:\/\/diariodevurgos.com\/dvwps\/wp-json\/wp\/v2\/types\/post"}],"author":[{"embeddable":true,"href":"https:\/\/diariodevurgos.com\/dvwps\/wp-json\/wp\/v2\/users\/2"}],"replies":[{"embeddable":true,"href":"https:\/\/diariodevurgos.com\/dvwps\/wp-json\/wp\/v2\/comments?post=15604"}],"version-history":[{"count":1,"href":"https:\/\/diariodevurgos.com\/dvwps\/wp-json\/wp\/v2\/posts\/15604\/revisions"}],"predecessor-version":[{"id":15607,"href":"https:\/\/diariodevurgos.com\/dvwps\/wp-json\/wp\/v2\/posts\/15604\/revisions\/15607"}],"wp:attachment":[{"href":"https:\/\/diariodevurgos.com\/dvwps\/wp-json\/wp\/v2\/media?parent=15604"}],"wp:term":[{"taxonomy":"category","embeddable":true,"href":"https:\/\/diariodevurgos.com\/dvwps\/wp-json\/wp\/v2\/categories?post=15604"},{"taxonomy":"post_tag","embeddable":true,"href":"https:\/\/diariodevurgos.com\/dvwps\/wp-json\/wp\/v2\/tags?post=15604"}],"curies":[{"name":"wp","href":"https:\/\/api.w.org\/{rel}","templated":true}]}}