{"id":15760,"date":"2016-01-05T01:35:14","date_gmt":"2016-01-05T00:35:14","guid":{"rendered":"http:\/\/diariodevurgos.com\/dvwps\/?p=15760"},"modified":"2016-01-05T01:35:14","modified_gmt":"2016-01-05T00:35:14","slug":"del-kurdistan-a-gamonal-jornadas-en-solidaridad-con-la-revolucion-de-rojava","status":"publish","type":"post","link":"https:\/\/diariodevurgos.com\/dvwps\/del-kurdistan-a-gamonal-jornadas-en-solidaridad-con-la-revolucion-de-rojava.php","title":{"rendered":"Del Kurdist\u00e1n a Gamonal. Jornadas en solidaridad con la revoluci\u00f3n de Rojava"},"content":{"rendered":"<p class=\"lead\">El<a href=\"http:\/\/csrgamonal.ga\/\"> Centro Social Recuperado de Gamonal<\/a> contin\u00faa con su programaci\u00f3n de actividades con las que dar vida a un espacio para el barrio a trav\u00e9s de una alternativa social y cultural en la que pronto cumplir\u00e1 su segundo aniversario. Durante el <strong>8 y 9 de enero<\/strong> se llevar\u00e1n a cabo las <em><strong>Jornadas en solidaridad con la revoluci\u00f3n en Rojava<\/strong><\/em> en las que miembros del <a href=\"http:\/\/ondaexpansiva.net\/?p=1972\">colectivo Rojava Azadi Madrid<\/a>, plataforma para la difusi\u00f3n de la solidaridad con las luchas del pueblo kurdo, informar\u00e1n sobre la actual situaci\u00f3n que se est\u00e1 viviendo en <a href=\"https:\/\/es.wikipedia.org\/wiki\/Kurdist%C3%A1n_sirio\">Rojava<\/a>, Kurdist\u00e1n sirio, donde los kurdos, y muy especialmente las mujeres, est\u00e1n llevando a cabo un aut\u00e9ntico proceso de transformaci\u00f3n social donde la autogesti\u00f3n se ha convertido en el eje del proceso revolucionario que est\u00e1 sacudiendo este rinc\u00f3n de Oriente Medio.<\/p>\n<p style=\"text-align: center;\"><a href=\"http:\/\/diariodevurgos.com\/dvwps\/wp-content\/uploads\/2016\/01\/kurdos.jpg\"><img loading=\"lazy\" class=\"aligncenter  wp-image-15761\" src=\"http:\/\/diariodevurgos.com\/dvwps\/wp-content\/uploads\/2016\/01\/kurdos.jpg\" alt=\"kurdos\" width=\"443\" height=\"627\" srcset=\"https:\/\/diariodevurgos.com\/dvwps\/wp-content\/uploads\/2016\/01\/kurdos.jpg 3508w, https:\/\/diariodevurgos.com\/dvwps\/wp-content\/uploads\/2016\/01\/kurdos-212x300.jpg 212w, https:\/\/diariodevurgos.com\/dvwps\/wp-content\/uploads\/2016\/01\/kurdos-724x1024.jpg 724w, https:\/\/diariodevurgos.com\/dvwps\/wp-content\/uploads\/2016\/01\/kurdos-100x141.jpg 100w, https:\/\/diariodevurgos.com\/dvwps\/wp-content\/uploads\/2016\/01\/kurdos-150x212.jpg 150w, https:\/\/diariodevurgos.com\/dvwps\/wp-content\/uploads\/2016\/01\/kurdos-200x283.jpg 200w, https:\/\/diariodevurgos.com\/dvwps\/wp-content\/uploads\/2016\/01\/kurdos-300x424.jpg 300w, https:\/\/diariodevurgos.com\/dvwps\/wp-content\/uploads\/2016\/01\/kurdos-450x636.jpg 450w, https:\/\/diariodevurgos.com\/dvwps\/wp-content\/uploads\/2016\/01\/kurdos-600x849.jpg 600w, https:\/\/diariodevurgos.com\/dvwps\/wp-content\/uploads\/2016\/01\/kurdos-900x1273.jpg 900w\" sizes=\"(max-width: 443px) 100vw, 443px\" \/><\/a><\/p>\n","protected":false},"excerpt":{"rendered":"<p>El Centro Social Recuperado de Gamonal contin\u00faa con su programaci\u00f3n de actividades con las que dar vida a un espacio para el barrio a trav\u00e9s de una alternativa social y cultural en la que pronto cumplir\u00e1 su segundo aniversario. Durante el 8 y 9 de enero se llevar\u00e1n a cabo las Jornadas en solidaridad con&#8230;  <a href=\"https:\/\/diariodevurgos.com\/dvwps\/del-kurdistan-a-gamonal-jornadas-en-solidaridad-con-la-revolucion-de-rojava.php\" class=\"more-link\" title=\"Read Del Kurdist\u00e1n a Gamonal. Jornadas en solidaridad con la revoluci\u00f3n de Rojava\">Read more &raquo;<\/a><\/p>\n","protected":false},"author":2,"featured_media":0,"comment_status":"open","ping_status":"closed","sticky":false,"template":"","format":"standard","meta":[],"categories":[2,57,78,27,24,88,49],"tags":[],"_links":{"self":[{"href":"https:\/\/diariodevurgos.com\/dvwps\/wp-json\/wp\/v2\/posts\/15760"}],"collection":[{"href":"https:\/\/diariodevurgos.com\/dvwps\/wp-json\/wp\/v2\/posts"}],"about":[{"href":"https:\/\/diariodevurgos.com\/dvwps\/wp-json\/wp\/v2\/types\/post"}],"author":[{"embeddable":true,"href":"https:\/\/diariodevurgos.com\/dvwps\/wp-json\/wp\/v2\/users\/2"}],"replies":[{"embeddable":true,"href":"https:\/\/diariodevurgos.com\/dvwps\/wp-json\/wp\/v2\/comments?post=15760"}],"version-history":[{"count":1,"href":"https:\/\/diariodevurgos.com\/dvwps\/wp-json\/wp\/v2\/posts\/15760\/revisions"}],"predecessor-version":[{"id":15762,"href":"https:\/\/diariodevurgos.com\/dvwps\/wp-json\/wp\/v2\/posts\/15760\/revisions\/15762"}],"wp:attachment":[{"href":"https:\/\/diariodevurgos.com\/dvwps\/wp-json\/wp\/v2\/media?parent=15760"}],"wp:term":[{"taxonomy":"category","embeddable":true,"href":"https:\/\/diariodevurgos.com\/dvwps\/wp-json\/wp\/v2\/categories?post=15760"},{"taxonomy":"post_tag","embeddable":true,"href":"https:\/\/diariodevurgos.com\/dvwps\/wp-json\/wp\/v2\/tags?post=15760"}],"curies":[{"name":"wp","href":"https:\/\/api.w.org\/{rel}","templated":true}]}}