{"id":15768,"date":"2016-01-08T13:08:36","date_gmt":"2016-01-08T12:08:36","guid":{"rendered":"http:\/\/diariodevurgos.com\/dvwps\/?p=15768"},"modified":"2016-01-08T13:08:36","modified_gmt":"2016-01-08T12:08:36","slug":"ii-aniversario-de-la-lucha-de-gamonal","status":"publish","type":"post","link":"https:\/\/diariodevurgos.com\/dvwps\/ii-aniversario-de-la-lucha-de-gamonal.php","title":{"rendered":"II Aniversario de la lucha de Gamonal"},"content":{"rendered":"<p class=\"lead\">La <a href=\"https:\/\/gamonalniunpasoatras.wordpress.com\/\">Asamblea de Gamonal<\/a> y el <a href=\"http:\/\/csrgamonal.ga\/\">Centro Social Recuperado de Gamonal<\/a> han programado de forma conjunta una serie de actividades con las que conmemoran el <strong>segundo aniversario de la lucha vivida en Gamonal contra la construcci\u00f3n del bulevar.<\/strong> Un conflicto vecinal que super\u00f3 el mero \u00e1mbito local y signific\u00f3 una victoria del barrio frente a la imposici\u00f3n. Entre las iniciativas propuestas, destaca la manifestaci\u00f3n que el <strong>s\u00e1bado 16 de enero de 2016<\/strong> a partir de las <strong>19.00 horas<\/strong> recorrer\u00e1 el barrio en solidaridad con las personas encausadas cuyo proceso judicial viene dilat\u00e1ndose desde enero de 2014.<\/p>\n<p style=\"text-align: center;\"><a href=\"http:\/\/diariodevurgos.com\/dvwps\/wp-content\/uploads\/2016\/01\/Segundo-aniversario-Gamonal.jpg\"><img loading=\"lazy\" class=\"aligncenter  wp-image-15769\" src=\"http:\/\/diariodevurgos.com\/dvwps\/wp-content\/uploads\/2016\/01\/Segundo-aniversario-Gamonal.jpg\" alt=\"Segundo aniversario Gamonal\" width=\"475\" height=\"671\" srcset=\"https:\/\/diariodevurgos.com\/dvwps\/wp-content\/uploads\/2016\/01\/Segundo-aniversario-Gamonal.jpg 600w, https:\/\/diariodevurgos.com\/dvwps\/wp-content\/uploads\/2016\/01\/Segundo-aniversario-Gamonal-213x300.jpg 213w, https:\/\/diariodevurgos.com\/dvwps\/wp-content\/uploads\/2016\/01\/Segundo-aniversario-Gamonal-100x141.jpg 100w, https:\/\/diariodevurgos.com\/dvwps\/wp-content\/uploads\/2016\/01\/Segundo-aniversario-Gamonal-150x212.jpg 150w, https:\/\/diariodevurgos.com\/dvwps\/wp-content\/uploads\/2016\/01\/Segundo-aniversario-Gamonal-200x282.jpg 200w, https:\/\/diariodevurgos.com\/dvwps\/wp-content\/uploads\/2016\/01\/Segundo-aniversario-Gamonal-300x424.jpg 300w, https:\/\/diariodevurgos.com\/dvwps\/wp-content\/uploads\/2016\/01\/Segundo-aniversario-Gamonal-450x635.jpg 450w\" sizes=\"(max-width: 475px) 100vw, 475px\" \/><\/a><\/p>\n","protected":false},"excerpt":{"rendered":"<p>La Asamblea de Gamonal y el Centro Social Recuperado de Gamonal han programado de forma conjunta una serie de actividades con las que conmemoran el segundo aniversario de la lucha vivida en Gamonal contra la construcci\u00f3n del bulevar. Un conflicto vecinal que super\u00f3 el mero \u00e1mbito local y signific\u00f3 una victoria del barrio frente a&#8230;  <a href=\"https:\/\/diariodevurgos.com\/dvwps\/ii-aniversario-de-la-lucha-de-gamonal.php\" class=\"more-link\" title=\"Read II Aniversario de la lucha de Gamonal\">Read more &raquo;<\/a><\/p>\n","protected":false},"author":2,"featured_media":0,"comment_status":"open","ping_status":"closed","sticky":false,"template":"","format":"standard","meta":[],"categories":[75,61,74,57,78,1,49,17],"tags":[],"_links":{"self":[{"href":"https:\/\/diariodevurgos.com\/dvwps\/wp-json\/wp\/v2\/posts\/15768"}],"collection":[{"href":"https:\/\/diariodevurgos.com\/dvwps\/wp-json\/wp\/v2\/posts"}],"about":[{"href":"https:\/\/diariodevurgos.com\/dvwps\/wp-json\/wp\/v2\/types\/post"}],"author":[{"embeddable":true,"href":"https:\/\/diariodevurgos.com\/dvwps\/wp-json\/wp\/v2\/users\/2"}],"replies":[{"embeddable":true,"href":"https:\/\/diariodevurgos.com\/dvwps\/wp-json\/wp\/v2\/comments?post=15768"}],"version-history":[{"count":1,"href":"https:\/\/diariodevurgos.com\/dvwps\/wp-json\/wp\/v2\/posts\/15768\/revisions"}],"predecessor-version":[{"id":15770,"href":"https:\/\/diariodevurgos.com\/dvwps\/wp-json\/wp\/v2\/posts\/15768\/revisions\/15770"}],"wp:attachment":[{"href":"https:\/\/diariodevurgos.com\/dvwps\/wp-json\/wp\/v2\/media?parent=15768"}],"wp:term":[{"taxonomy":"category","embeddable":true,"href":"https:\/\/diariodevurgos.com\/dvwps\/wp-json\/wp\/v2\/categories?post=15768"},{"taxonomy":"post_tag","embeddable":true,"href":"https:\/\/diariodevurgos.com\/dvwps\/wp-json\/wp\/v2\/tags?post=15768"}],"curies":[{"name":"wp","href":"https:\/\/api.w.org\/{rel}","templated":true}]}}