{"id":15804,"date":"2016-01-17T12:49:11","date_gmt":"2016-01-17T11:49:11","guid":{"rendered":"http:\/\/diariodevurgos.com\/dvwps\/?p=15804"},"modified":"2016-01-17T23:56:12","modified_gmt":"2016-01-17T22:56:12","slug":"gamonal-dos-anos-despues-en-solidaridad-con-los-encausados","status":"publish","type":"post","link":"https:\/\/diariodevurgos.com\/dvwps\/gamonal-dos-anos-despues-en-solidaridad-con-los-encausados.php","title":{"rendered":"Gamonal, dos a\u00f1os despu\u00e9s en solidaridad con los encausados"},"content":{"rendered":"<p class=\"lead\">Despu\u00e9s de dos a\u00f1os de que Gamonal se convirtiera en el epicentro de atenci\u00f3n tras las protestas sociales que consiguieron que el consistorio burgal\u00e9s diera marcha atr\u00e1s en la construcci\u00f3n del bulevar, <strong>todav\u00ed\u00ada quedan alrededor de 30 vecinos encausados en un proceso judicial que no tiene visos de resolverse a medio\/corto plazo<\/strong>. Ayer, s\u00e1bado 16 de enero, la Asamblea de Gamonal quiso celebrar el segundo aniversario de las protestas en el barrio recordando a las personas procesadas y mostrando su apoyo a los vecinos que han sido represaliados durante estos dos a\u00f1os.<\/p>\n<p>[youtube]8ofn-9fqPcQ&amp;feature=youtu.be[\/youtube]<\/p>\n<p><!--more--><\/p>\n<p>Hace dos a\u00f1os Gamonal consigui\u00f3 hacer historia mostrando como los habitantes de un barrio unidos en una causa com\u00fan fueron capaces de hacer retroceder a los poderes f\u00e1cticos de la ciudad. La construcci\u00f3n del bulevar, y su consiguiente aparcamiento subterr\u00e1neo, lejos de ser una soluci\u00f3n para los problemas urban\u00ed\u00adsticos cong\u00e9nitos que sufre Gamonal, representaba una operaci\u00f3n especulativa que acabar\u00ed\u00ada redundado \u00fanicamente en beneficio de las grandes empresas del ladrillo.<\/p>\n<p>La crisis econ\u00f3mica y el malestar general contribuyeron a propagar la mecha que desde Gamonal se propag\u00f3 por los cuatro costados de la geograf\u00ed\u00ada ib\u00e9rica dando vida a un fen\u00f3meno sociol\u00f3gico que algunos denominaron el<strong> <em>Efecto Gamonal<\/em><\/strong>. La crudeza de la represi\u00f3n que se desat\u00f3 contra el barrio, y la agudeza de la difusi\u00f3n a trav\u00e9s de las redes sociales, hicieron que Gamonal se convirtiera en esa revuelta que todo el mundo estaba esperando pero que nadie se atrev\u00ed\u00ada a desatar.<\/p>\n<p>Dos a\u00f1os despu\u00e9s del conflicto que puso sobre el mapa a Gamonal, el barrio burgal\u00e9s se ha convertido en sin\u00f3nimo de rebeld\u00ed\u00ada y solidaridad dentro del imaginario colectivo. Pero Gamonal, dos a\u00f1os despu\u00e9s de aquellos hechos, ha vuelto a la calma, quiz\u00e1s como un gigante dormido que inverna hasta el pr\u00f3ximo estallido, pero con la salvedad <strong>que 30 vecinos del barrio contin\u00faan encausados en un proceso penal con el que los poderes locales pretenden llevar a cabo su particular venganza.<\/strong><\/p>\n<p style=\"text-align: center;\"><a href=\"http:\/\/diariodevurgos.com\/dvwps\/wp-content\/uploads\/2016\/01\/1452971457378.jpg\"><img loading=\"lazy\" class=\"aligncenter  wp-image-15820\" src=\"http:\/\/diariodevurgos.com\/dvwps\/wp-content\/uploads\/2016\/01\/1452971457378.jpg\" alt=\"1452971457378\" width=\"532\" height=\"399\" srcset=\"https:\/\/diariodevurgos.com\/dvwps\/wp-content\/uploads\/2016\/01\/1452971457378.jpg 2048w, https:\/\/diariodevurgos.com\/dvwps\/wp-content\/uploads\/2016\/01\/1452971457378-300x225.jpg 300w, https:\/\/diariodevurgos.com\/dvwps\/wp-content\/uploads\/2016\/01\/1452971457378-1024x768.jpg 1024w, https:\/\/diariodevurgos.com\/dvwps\/wp-content\/uploads\/2016\/01\/1452971457378-100x75.jpg 100w, https:\/\/diariodevurgos.com\/dvwps\/wp-content\/uploads\/2016\/01\/1452971457378-150x113.jpg 150w, https:\/\/diariodevurgos.com\/dvwps\/wp-content\/uploads\/2016\/01\/1452971457378-200x150.jpg 200w, https:\/\/diariodevurgos.com\/dvwps\/wp-content\/uploads\/2016\/01\/1452971457378-450x338.jpg 450w, https:\/\/diariodevurgos.com\/dvwps\/wp-content\/uploads\/2016\/01\/1452971457378-600x450.jpg 600w, https:\/\/diariodevurgos.com\/dvwps\/wp-content\/uploads\/2016\/01\/1452971457378-900x675.jpg 900w\" sizes=\"(max-width: 532px) 100vw, 532px\" \/><\/a><\/p>\n<p>La manifestaci\u00f3n de ayer tarde, que recorri\u00f3 las calles m\u00e1s significativas del barrio, sirvi\u00f3 para demostrar que si bien no estamos hablando ya de movilizaciones masivas como las de enero de 2014, la <a href=\"https:\/\/gamonalniunpasoatras.wordpress.com\/2016\/01\/11\/gamonal-dos-anos-despues-no-queremos-que-olvideis\/\">Asamblea de Gamonal<\/a>, y <a href=\"http:\/\/csrgamonal.ga\/\">otros colectivos sociales del barrio,<\/a> no van a dejar solos a los vecinos encausados. La movilizaci\u00f3n popular est\u00e1 lejos de detenerse en el barrio porque las razones que la impulsaron hace dos a\u00f1os siguen a\u00fan vigentes. Los encausados que, en la gran mayor\u00ed\u00ada de los casos, si no en todos, fueron detenidos de forma arbitraria para justificar el expediente, representan una herida en el barrio que como aquella zanja abierta hace dos a\u00f1os en la calle Vitoria, est\u00e1 lejos de cicatrizar.<\/p>\n<p style=\"text-align: center;\"><a href=\"http:\/\/diariodevurgos.com\/dvwps\/wp-content\/uploads\/2016\/01\/1452970414513.jpg\"><img loading=\"lazy\" class=\"aligncenter  wp-image-15821\" src=\"http:\/\/diariodevurgos.com\/dvwps\/wp-content\/uploads\/2016\/01\/1452970414513.jpg\" alt=\"1452970414513\" width=\"522\" height=\"392\" srcset=\"https:\/\/diariodevurgos.com\/dvwps\/wp-content\/uploads\/2016\/01\/1452970414513.jpg 2048w, https:\/\/diariodevurgos.com\/dvwps\/wp-content\/uploads\/2016\/01\/1452970414513-300x225.jpg 300w, https:\/\/diariodevurgos.com\/dvwps\/wp-content\/uploads\/2016\/01\/1452970414513-1024x768.jpg 1024w, https:\/\/diariodevurgos.com\/dvwps\/wp-content\/uploads\/2016\/01\/1452970414513-100x75.jpg 100w, https:\/\/diariodevurgos.com\/dvwps\/wp-content\/uploads\/2016\/01\/1452970414513-150x113.jpg 150w, https:\/\/diariodevurgos.com\/dvwps\/wp-content\/uploads\/2016\/01\/1452970414513-200x150.jpg 200w, https:\/\/diariodevurgos.com\/dvwps\/wp-content\/uploads\/2016\/01\/1452970414513-450x338.jpg 450w, https:\/\/diariodevurgos.com\/dvwps\/wp-content\/uploads\/2016\/01\/1452970414513-600x450.jpg 600w, https:\/\/diariodevurgos.com\/dvwps\/wp-content\/uploads\/2016\/01\/1452970414513-900x675.jpg 900w\" sizes=\"(max-width: 522px) 100vw, 522px\" \/><\/a><\/p>\n<p>Gamonal revivi\u00f3 ayer el espiritu combativo que anim\u00f3 sus protestas hace dos a\u00f1os y aprovech\u00f3 para recordar que las movilizaciones en solidaridad con los encausados segur\u00e1n siendo el <em>leitmotiv<\/em> de las movilizaciones.<\/p>\n","protected":false},"excerpt":{"rendered":"<p>Despu\u00e9s de dos a\u00f1os de que Gamonal se convirtiera en el epicentro de atenci\u00f3n tras las protestas sociales que consiguieron que el consistorio burgal\u00e9s diera marcha atr\u00e1s en la construcci\u00f3n del bulevar, todav\u00ed\u00ada quedan alrededor de 30 vecinos encausados en un proceso judicial que no tiene visos de resolverse a medio\/corto plazo. Ayer, s\u00e1bado 16&#8230;  <a href=\"https:\/\/diariodevurgos.com\/dvwps\/gamonal-dos-anos-despues-en-solidaridad-con-los-encausados.php\" class=\"more-link\" title=\"Read Gamonal, dos a\u00f1os despu\u00e9s en solidaridad con los encausados\">Read more &raquo;<\/a><\/p>\n","protected":false},"author":2,"featured_media":0,"comment_status":"open","ping_status":"closed","sticky":false,"template":"","format":"standard","meta":[],"categories":[75,74,2,64,27],"tags":[],"_links":{"self":[{"href":"https:\/\/diariodevurgos.com\/dvwps\/wp-json\/wp\/v2\/posts\/15804"}],"collection":[{"href":"https:\/\/diariodevurgos.com\/dvwps\/wp-json\/wp\/v2\/posts"}],"about":[{"href":"https:\/\/diariodevurgos.com\/dvwps\/wp-json\/wp\/v2\/types\/post"}],"author":[{"embeddable":true,"href":"https:\/\/diariodevurgos.com\/dvwps\/wp-json\/wp\/v2\/users\/2"}],"replies":[{"embeddable":true,"href":"https:\/\/diariodevurgos.com\/dvwps\/wp-json\/wp\/v2\/comments?post=15804"}],"version-history":[{"count":5,"href":"https:\/\/diariodevurgos.com\/dvwps\/wp-json\/wp\/v2\/posts\/15804\/revisions"}],"predecessor-version":[{"id":15822,"href":"https:\/\/diariodevurgos.com\/dvwps\/wp-json\/wp\/v2\/posts\/15804\/revisions\/15822"}],"wp:attachment":[{"href":"https:\/\/diariodevurgos.com\/dvwps\/wp-json\/wp\/v2\/media?parent=15804"}],"wp:term":[{"taxonomy":"category","embeddable":true,"href":"https:\/\/diariodevurgos.com\/dvwps\/wp-json\/wp\/v2\/categories?post=15804"},{"taxonomy":"post_tag","embeddable":true,"href":"https:\/\/diariodevurgos.com\/dvwps\/wp-json\/wp\/v2\/tags?post=15804"}],"curies":[{"name":"wp","href":"https:\/\/api.w.org\/{rel}","templated":true}]}}