{"id":15833,"date":"2016-01-20T12:09:23","date_gmt":"2016-01-20T11:09:23","guid":{"rendered":"http:\/\/diariodevurgos.com\/dvwps\/?p=15833"},"modified":"2016-01-20T15:56:55","modified_gmt":"2016-01-20T14:56:55","slug":"centro-social-recuperado-gamonal-dos-anos-de-autogestion-y-lucha-social-desde-el-corazon-del-barrio","status":"publish","type":"post","link":"https:\/\/diariodevurgos.com\/dvwps\/centro-social-recuperado-gamonal-dos-anos-de-autogestion-y-lucha-social-desde-el-corazon-del-barrio.php","title":{"rendered":"Centro Social Recuperado Gamonal: dos a\u00f1os de autogesti\u00f3n y lucha social desde el coraz\u00f3n del barrio"},"content":{"rendered":"<p class=\"lead\">El <strong>Centro Social Recuperado Gamonal<\/strong> cumple su <a href=\"http:\/\/csrgamonal.ga\/2016\/01\/17\/segundo-aniversario-del-csr-de-gamonal\/\">II aniversario<\/a> durante este fin de semana. Dos a\u00f1os de andadura desde que el antiguo edificio del &#8220;Aula de Cultura&#8221;\u009d fuese recuperado durante el transcurso de las luchas contra la construcci\u00f3n del bulevar, aquellas jornadas de enero en las que el barrio de Gamonal se levant\u00f3 contra la maniobra especulativa de los se\u00f1ores feudales de esta ciudad.<\/p>\n<p style=\"text-align: center;\"><a href=\"http:\/\/diariodevurgos.com\/dvwps\/wp-content\/uploads\/2016\/01\/csrgamonal.jpg\"><img loading=\"lazy\" class=\"aligncenter wp-image-15834\" src=\"http:\/\/diariodevurgos.com\/dvwps\/wp-content\/uploads\/2016\/01\/csrgamonal.jpg\" alt=\"csrgamonal\" width=\"391\" height=\"220\" srcset=\"https:\/\/diariodevurgos.com\/dvwps\/wp-content\/uploads\/2016\/01\/csrgamonal.jpg 435w, https:\/\/diariodevurgos.com\/dvwps\/wp-content\/uploads\/2016\/01\/csrgamonal-300x169.jpg 300w, https:\/\/diariodevurgos.com\/dvwps\/wp-content\/uploads\/2016\/01\/csrgamonal-100x56.jpg 100w, https:\/\/diariodevurgos.com\/dvwps\/wp-content\/uploads\/2016\/01\/csrgamonal-150x84.jpg 150w, https:\/\/diariodevurgos.com\/dvwps\/wp-content\/uploads\/2016\/01\/csrgamonal-200x113.jpg 200w\" sizes=\"(max-width: 391px) 100vw, 391px\" \/><\/a><\/p>\n<p>Durante todo este tiempo, el CSR ha tratado de llevar a cabo un proyecto social basado en la autogesti\u00f3n, rescatando de la ruina un edificio que Caja de Burgos hab\u00ed\u00ada dejado abandonado durante m\u00e1s de una d\u00e9cada. Muchas han sido las actividades que se han realizado entre sus cuatro paredes, charlas, conciertos, representaciones de teatro, pero m\u00e1s all\u00e1 del sinf\u00ed\u00adn de iniciativas, el CSR Gamonal ha sabido convertirse en una <strong>alternativa social y cultural<\/strong> alejada de las din\u00e1micas mercantiles e institucionales.<!--more--><\/p>\n<p>Desde hace algunos meses, <a href=\"http:\/\/diariodevurgos.com\/dvwps\/por-que-caja-de-burgos-quiere-desalojar-el-csr-gamonal.php\">la sombra del desalojo sobrevuela sobre la existencia del Centro Social.<\/a> La<strong> Fundaci\u00f3n Caja de Burgos<\/strong> ha iniciado un proceso jur\u00ed\u00addico mediante el cual pretende volver a cerrar a cal y canto el espacio, como ya hizo en el pasado. La propuesta de negoci\u00f3n que la entidad bancaria hiciera p\u00fablica a principios de oto\u00f1o esconde una operaci\u00f3n de maquillaje. La pretendida &#8220;b\u00fasqueda de alternativas al desalojo&#8221;\u009d por parte de Caja de Burgos pasa s\u00f3lo por convertir al CSR en un ap\u00e9ndice de la propia Fundaci\u00f3n, haci\u00e9ndole renunciar a uno de sus principios b\u00e1sicos: <strong>la autogesti\u00f3n.<\/strong><\/p>\n<p>Frente a esta amenaza de desalojo, el Centro Social Recuperado Gamonal ha puesto en marcha una <a href=\"http:\/\/csrgamonal.ga\/category\/desalojo\/\">campa\u00f1a de resistencia<\/a> con la que dar visibilidad al riesgo real de que el barrio se quede sin uno de los espacios que fueron conquistaron gracias a la lucha de sus vecinos. Estos dos a\u00f1os de andadura, de auto-organizaci\u00f3n y trabajo colectivo al margen de los poderes f\u00e1cticos, demuestran que el CSR forma parte del tejido social del barrio y que deben ser sus propios vecinos los que decidan sobre su existencia.<\/p>\n<p style=\"text-align: center;\"><a href=\"http:\/\/diariodevurgos.com\/dvwps\/wp-content\/uploads\/2016\/01\/Defendamos-CSRjpg.jpg\"><img loading=\"lazy\" class=\"aligncenter wp-image-15835\" src=\"http:\/\/diariodevurgos.com\/dvwps\/wp-content\/uploads\/2016\/01\/Defendamos-CSRjpg.jpg\" alt=\"Defendamos CSRjpg\" width=\"387\" height=\"516\" srcset=\"https:\/\/diariodevurgos.com\/dvwps\/wp-content\/uploads\/2016\/01\/Defendamos-CSRjpg.jpg 480w, https:\/\/diariodevurgos.com\/dvwps\/wp-content\/uploads\/2016\/01\/Defendamos-CSRjpg-225x300.jpg 225w, https:\/\/diariodevurgos.com\/dvwps\/wp-content\/uploads\/2016\/01\/Defendamos-CSRjpg-100x133.jpg 100w, https:\/\/diariodevurgos.com\/dvwps\/wp-content\/uploads\/2016\/01\/Defendamos-CSRjpg-150x200.jpg 150w, https:\/\/diariodevurgos.com\/dvwps\/wp-content\/uploads\/2016\/01\/Defendamos-CSRjpg-200x267.jpg 200w, https:\/\/diariodevurgos.com\/dvwps\/wp-content\/uploads\/2016\/01\/Defendamos-CSRjpg-300x400.jpg 300w, https:\/\/diariodevurgos.com\/dvwps\/wp-content\/uploads\/2016\/01\/Defendamos-CSRjpg-450x600.jpg 450w\" sizes=\"(max-width: 387px) 100vw, 387px\" \/><\/a><\/p>\n<p>No tardaremos en escuchar argumentos que afirman que Fundaci\u00f3n Caja de Burgos tiene de su lado todo el peso de la legalidad a la hora de reclamar el espacio; pero no podemos olvidar que, hace ya m\u00e1s de una d\u00e9cada que la entidad bancar\u00ed\u00ada perdi\u00f3 toda legitimidad sobre el antiguo teatro de la calle Pablo Casals al dejarlo abandonado, sin m\u00e1s uso pr\u00e1ctico que ver como el tiempo incrementaba el deterioro que la dejadez y la especulaci\u00f3n han provocado sobre el espacio.<\/p>\n<p>Estos dos a\u00f1os de vida del CSR Gamonal han dado para mucho, pero lo esencial no es lo que el Centro Social haya aportado al barrio, sino la enorme potencialidad que ofrecen tanto el espacio como el proyecto que este representa, cuyo futuro est\u00e1 a\u00fan por decidir y en \u00e9l, los habitantes de Gamonal est\u00e1n llamados a ser los protagonistas.<\/p>\n<p style=\"text-align: center;\"><a href=\"http:\/\/diariodevurgos.com\/dvwps\/wp-content\/uploads\/2016\/01\/IMG_06821.jpg\"><img loading=\"lazy\" class=\"aligncenter wp-image-15837\" src=\"http:\/\/diariodevurgos.com\/dvwps\/wp-content\/uploads\/2016\/01\/IMG_06821.jpg\" alt=\"IMG_0682\" width=\"460\" height=\"344\" srcset=\"https:\/\/diariodevurgos.com\/dvwps\/wp-content\/uploads\/2016\/01\/IMG_06821.jpg 2592w, https:\/\/diariodevurgos.com\/dvwps\/wp-content\/uploads\/2016\/01\/IMG_06821-300x224.jpg 300w, https:\/\/diariodevurgos.com\/dvwps\/wp-content\/uploads\/2016\/01\/IMG_06821-1024x765.jpg 1024w, https:\/\/diariodevurgos.com\/dvwps\/wp-content\/uploads\/2016\/01\/IMG_06821-100x75.jpg 100w, https:\/\/diariodevurgos.com\/dvwps\/wp-content\/uploads\/2016\/01\/IMG_06821-150x112.jpg 150w, https:\/\/diariodevurgos.com\/dvwps\/wp-content\/uploads\/2016\/01\/IMG_06821-200x149.jpg 200w, https:\/\/diariodevurgos.com\/dvwps\/wp-content\/uploads\/2016\/01\/IMG_06821-450x336.jpg 450w, https:\/\/diariodevurgos.com\/dvwps\/wp-content\/uploads\/2016\/01\/IMG_06821-600x448.jpg 600w, https:\/\/diariodevurgos.com\/dvwps\/wp-content\/uploads\/2016\/01\/IMG_06821-900x672.jpg 900w\" sizes=\"(max-width: 460px) 100vw, 460px\" \/><\/a><\/p>\n<p>La movilizaci\u00f3n por la conservaci\u00f3n del Centro Social Recuperado como espacio abierto al barrio significa reactualizar la lucha que hace dos a\u00f1os hizo que Gamonal se levantara para decir NO a los poderosos. Por eso, el barrio unido debe defender un espacio que consigui\u00f3 gracias a su movilizaci\u00f3n colectiva. De esta manera haremos posible que no desaloje en el CSR, pero <strong>si el desalojo se llega a materializar, tod@s ese mismo d\u00ed\u00ada nos concentraremos a las 20.00 horas en la Zona Cero para responder de forma colectiva.<\/strong><\/p>\n<p>&nbsp;<\/p>\n<p><strong>CAJA DE BURGOS AMENAZA&#8230;<\/strong><br \/>\n<strong>\u00a1\u00a1\u00a1CSR EN LUCHA!!!<\/strong><\/p>\n","protected":false},"excerpt":{"rendered":"<p>El Centro Social Recuperado Gamonal cumple su II aniversario durante este fin de semana. Dos a\u00f1os de andadura desde que el antiguo edificio del &#8220;Aula de Cultura&#8221;\u009d fuese recuperado durante el transcurso de las luchas contra la construcci\u00f3n del bulevar, aquellas jornadas de enero en las que el barrio de Gamonal se levant\u00f3 contra la&#8230;  <a href=\"https:\/\/diariodevurgos.com\/dvwps\/centro-social-recuperado-gamonal-dos-anos-de-autogestion-y-lucha-social-desde-el-corazon-del-barrio.php\" class=\"more-link\" title=\"Read Centro Social Recuperado Gamonal: dos a\u00f1os de autogesti\u00f3n y lucha social desde el coraz\u00f3n del barrio\">Read more &raquo;<\/a><\/p>\n","protected":false},"author":2,"featured_media":0,"comment_status":"open","ping_status":"closed","sticky":false,"template":"","format":"standard","meta":[],"categories":[61,2,57,78,27,26,6,49,7],"tags":[],"_links":{"self":[{"href":"https:\/\/diariodevurgos.com\/dvwps\/wp-json\/wp\/v2\/posts\/15833"}],"collection":[{"href":"https:\/\/diariodevurgos.com\/dvwps\/wp-json\/wp\/v2\/posts"}],"about":[{"href":"https:\/\/diariodevurgos.com\/dvwps\/wp-json\/wp\/v2\/types\/post"}],"author":[{"embeddable":true,"href":"https:\/\/diariodevurgos.com\/dvwps\/wp-json\/wp\/v2\/users\/2"}],"replies":[{"embeddable":true,"href":"https:\/\/diariodevurgos.com\/dvwps\/wp-json\/wp\/v2\/comments?post=15833"}],"version-history":[{"count":4,"href":"https:\/\/diariodevurgos.com\/dvwps\/wp-json\/wp\/v2\/posts\/15833\/revisions"}],"predecessor-version":[{"id":15841,"href":"https:\/\/diariodevurgos.com\/dvwps\/wp-json\/wp\/v2\/posts\/15833\/revisions\/15841"}],"wp:attachment":[{"href":"https:\/\/diariodevurgos.com\/dvwps\/wp-json\/wp\/v2\/media?parent=15833"}],"wp:term":[{"taxonomy":"category","embeddable":true,"href":"https:\/\/diariodevurgos.com\/dvwps\/wp-json\/wp\/v2\/categories?post=15833"},{"taxonomy":"post_tag","embeddable":true,"href":"https:\/\/diariodevurgos.com\/dvwps\/wp-json\/wp\/v2\/tags?post=15833"}],"curies":[{"name":"wp","href":"https:\/\/api.w.org\/{rel}","templated":true}]}}