{"id":1589,"date":"2008-06-14T20:26:28","date_gmt":"2008-06-14T19:26:28","guid":{"rendered":"http:\/\/diariodevurgos.com\/dvwps\/valladolidcronica-de-la-concentracion-antifascista-del-viernes-y-agresion-neonazi-por-la-noche.php"},"modified":"2008-06-14T21:29:55","modified_gmt":"2008-06-14T20:29:55","slug":"valladolidcronica-de-la-concentracion-antifascista-del-viernes-y-agresion-neonazi-por-la-noche","status":"publish","type":"post","link":"https:\/\/diariodevurgos.com\/dvwps\/valladolidcronica-de-la-concentracion-antifascista-del-viernes-y-agresion-neonazi-por-la-noche.php","title":{"rendered":"(Valladolid) Cr\u00f3nica de la concentraci\u00f3n antifascista del Viernes y agresi\u00f3n neonazi por la noche"},"content":{"rendered":"<p class=\"lead\">Unas 150 personas se concentraron ayer en Valladolid en repulsa a la concentraci\u00f3n neonazi que se celebraba a escasos metros de la concentraci\u00f3n antifascista. Por la noche cinco neonazis <a target=\"_blank\" href=\"http:\/\/pavalladolid.blogspot.com\/2008\/06\/agresin-fascista-en-valladolid.html\">agredieron<\/a> a un joven de 16 a\u00f1os cuando iba para casa.<\/p>\n<p><!--more--><\/p>\n<p>Desde el comienzo, la actitud de la polic\u00ed\u00ada fue intimidatoria, realizando varias identificaciones y exhibiendo su material de antidisturbios. Poco a poco la polic\u00ed\u00ada fue cercando a los concentrados. Se desplegaron varias pancartas y se intent\u00f3 salir a la carretera, con la negativa de la polic\u00ed\u00ada. Ante tal panorama, se decidi\u00f3 desconvocar la concentraci\u00f3n pero no permit\u00ed\u00adan salir a la gente de la plaza.<\/p>\n<p>M\u00e1s de una hora estuvieron retenidos los antifascistas por la polic\u00ed\u00ada, realizando alguna identificaci\u00f3n m\u00e1s a la gente que preguntaba el motivo de no poder moverse. Tambi\u00e9n avisaban a la gente que si entraban no podr\u00ed\u00adan salir.<\/p>\n<p>Seg\u00fan informaciones a La Haine, hab\u00ed\u00ada 21 neonazis concentrados, algunos venidos de Madrid, y sin apenas presencia policial. Cuando la concentraci\u00f3n nazi acab\u00f3 (apenas 30 minutos) se permiti\u00f3 abandonar la plaza.<br \/>\nExtra\u00ed\u00addo de <a target=\"_blank\" href=\"http:\/\/www.lahaine.org\/index.php?p=30973\">La Haine Valladolid<\/a><\/p>\n<p>El sistema utiliza al fascismo en epocas de crisis para salvaguardar  los privilegios de los ricos.  En estos momento el estado espa\u00f1ol no necesita de el y queda  reducido a grupos marginales como el de la foto de abajo.  Grupos marginales ligados en muchas ocasiones al ejercito, la polic\u00ed\u00ada, guardas de seguridad y dem\u00e1s profesiones represivas al servicio del poder. A d\u00ed\u00ada de hoy representa dos peligros:uno el poder llegar con su mensaje a una sociedad ahogada con la hipoteca y la carest\u00ed\u00ada de la vida, y que en vez de se\u00f1alar al rico como culpable de su explotaci\u00f3n desde hace cientos de a\u00f1os, lo hagan encontra de los inmigrantes. El otro peligro es los ataques contra locales disidentes y contra las personas que luchan o no son de su gusto. No podemos olvidar el asesinato del noviembre pasado de nuestro compa\u00f1ero Carlos Javier Palomino por un soldado profesional y neonazi.<\/p>\n<p>Por todo esto tenemos que luchar contra estos grupos que act\u00faan como paramilitares y muchas veces, cuando al sistema le interesa, con la impunidad de la justicia, pero sin olvidar quien es el verdadero enemigo, quien son los ricos que nos llevan explotando desde siempre.<\/p>\n<p>La poblaci\u00f3n inmigrante son trabajadores explotados  igual que la gente que ha nacido aqu\u00ed\u00ad. El enemigo es el  explotador, el jefe,  el empresario. No permitamos que dividan a los de abajo.<\/p>\n<p><strong>Aplastemos a los ricos, el estado y el capital. Aplastemos al fascismo y los paramilitares con la misma fuerza y el mismo pu\u00f1o!<\/strong><\/p>\n<p><a target=\"_blank\" href=\"http:\/\/www.klinamen.org\/article4461.html\">Texto<\/a> interesante de una ponencia del grupo ruptura en Madrid.<\/p>\n<p><a target=\"_blank\" href=\"http:\/\/pavalladolid.blogspot.com\/2008\/06\/concentracion-13-junio-2008-pza.html\">Convocatoria de la concentraci\u00f3n<\/a><\/p>\n<div style=\"text-align: center\"><img id=\"image1584\" alt=\"p6130004.JPG\" src=\"http:\/\/diariodevurgos.com\/dvwps\/wp-content\/uploads\/2008\/06\/p6130004.JPG\" \/><\/div>\n<div style=\"text-align: center\"><img id=\"image1585\" alt=\"p1020264.JPG\" src=\"http:\/\/diariodevurgos.com\/dvwps\/wp-content\/uploads\/2008\/06\/p1020264.JPG\" \/><\/div>\n<p>PD: A esta concentraci\u00f3n rid\u00ed\u00adcula de cerdos ten\u00ed\u00ada previsto ir un grupo de un partido fascista de Burgos.<\/p>\n","protected":false},"excerpt":{"rendered":"<p>Unas 150 personas se concentraron ayer en Valladolid en repulsa a la concentraci\u00f3n neonazi que se celebraba a escasos metros de la concentraci\u00f3n antifascista. Por la noche cinco neonazis agredieron a un joven de 16 a\u00f1os cuando iba para casa.<\/p>\n","protected":false},"author":13,"featured_media":0,"comment_status":"open","ping_status":"closed","sticky":false,"template":"","format":"standard","meta":[],"categories":[31],"tags":[],"_links":{"self":[{"href":"https:\/\/diariodevurgos.com\/dvwps\/wp-json\/wp\/v2\/posts\/1589"}],"collection":[{"href":"https:\/\/diariodevurgos.com\/dvwps\/wp-json\/wp\/v2\/posts"}],"about":[{"href":"https:\/\/diariodevurgos.com\/dvwps\/wp-json\/wp\/v2\/types\/post"}],"author":[{"embeddable":true,"href":"https:\/\/diariodevurgos.com\/dvwps\/wp-json\/wp\/v2\/users\/13"}],"replies":[{"embeddable":true,"href":"https:\/\/diariodevurgos.com\/dvwps\/wp-json\/wp\/v2\/comments?post=1589"}],"version-history":[{"count":0,"href":"https:\/\/diariodevurgos.com\/dvwps\/wp-json\/wp\/v2\/posts\/1589\/revisions"}],"wp:attachment":[{"href":"https:\/\/diariodevurgos.com\/dvwps\/wp-json\/wp\/v2\/media?parent=1589"}],"wp:term":[{"taxonomy":"category","embeddable":true,"href":"https:\/\/diariodevurgos.com\/dvwps\/wp-json\/wp\/v2\/categories?post=1589"},{"taxonomy":"post_tag","embeddable":true,"href":"https:\/\/diariodevurgos.com\/dvwps\/wp-json\/wp\/v2\/tags?post=1589"}],"curies":[{"name":"wp","href":"https:\/\/api.w.org\/{rel}","templated":true}]}}