{"id":15899,"date":"2016-02-04T00:53:30","date_gmt":"2016-02-03T23:53:30","guid":{"rendered":"http:\/\/diariodevurgos.com\/dvwps\/?p=15899"},"modified":"2016-02-04T00:53:30","modified_gmt":"2016-02-03T23:53:30","slug":"critica-al-valor-al-trabajo-y-al-capitalismo-entrevista-a-alvaro-briales-en-radio-onda-expansiva","status":"publish","type":"post","link":"https:\/\/diariodevurgos.com\/dvwps\/critica-al-valor-al-trabajo-y-al-capitalismo-entrevista-a-alvaro-briales-en-radio-onda-expansiva.php","title":{"rendered":"Cr\u00ed\u00adtica al Valor, al Trabajo y al Capitalismo. Entrevista a Alvaro Briales en Radio Onda Expansiva"},"content":{"rendered":"<p class=\"lead\">El <a href=\"http:\/\/www.zamarracoediciones.net\/#excursos\">I Taller de Cr\u00ed\u00adtica a la Econom\u00ed\u00ada <\/a>enfila ya su <strong>3\u00aa SESI\u00ed\u201cN<\/strong> con la presencia de<strong> \u00ed\u0081lvaro Briales,<\/strong> doctor en Sociolog\u00ed\u00ada por la Universidad Complutense de Madrid, quien expondr\u00e1 este <strong>s\u00e1bado 6 de febrero<\/strong> a partir de las <strong>10.30 horas<\/strong> en la <strong>Biblioteca Anarquista La Maldita<\/strong> sus reflexiones sobre la teor\u00ed\u00ada cr\u00ed\u00adtica del trabajo en Marx.<\/p>\n<p style=\"text-align: center;\"><a href=\"http:\/\/diariodevurgos.com\/dvwps\/wp-content\/uploads\/2016\/02\/caricatura-trabajo-paro.jpg\"><img loading=\"lazy\" class=\"aligncenter  wp-image-15900\" src=\"http:\/\/diariodevurgos.com\/dvwps\/wp-content\/uploads\/2016\/02\/caricatura-trabajo-paro.jpg\" alt=\"caricatura trabajo-paro\" width=\"461\" height=\"275\" srcset=\"https:\/\/diariodevurgos.com\/dvwps\/wp-content\/uploads\/2016\/02\/caricatura-trabajo-paro.jpg 855w, https:\/\/diariodevurgos.com\/dvwps\/wp-content\/uploads\/2016\/02\/caricatura-trabajo-paro-300x179.jpg 300w, https:\/\/diariodevurgos.com\/dvwps\/wp-content\/uploads\/2016\/02\/caricatura-trabajo-paro-100x60.jpg 100w, https:\/\/diariodevurgos.com\/dvwps\/wp-content\/uploads\/2016\/02\/caricatura-trabajo-paro-150x89.jpg 150w, https:\/\/diariodevurgos.com\/dvwps\/wp-content\/uploads\/2016\/02\/caricatura-trabajo-paro-200x119.jpg 200w, https:\/\/diariodevurgos.com\/dvwps\/wp-content\/uploads\/2016\/02\/caricatura-trabajo-paro-450x268.jpg 450w, https:\/\/diariodevurgos.com\/dvwps\/wp-content\/uploads\/2016\/02\/caricatura-trabajo-paro-600x358.jpg 600w\" sizes=\"(max-width: 461px) 100vw, 461px\" \/><\/a><\/p>\n<p><strong>Radio Onda Expansiva<\/strong> publica <a href=\"http:\/\/ondaexpansiva.net\/?p=2028\">una entrevista previa <\/a>con el ponente de esta nueva sesi\u00f3n de la iniciativa organizada por la editorial Lecturas de Zamarraco, con la que se pretende poner &#8220;patas arriba&#8221;\u009d ese cachivache llamado econom\u00ed\u00ada.<\/p>\n","protected":false},"excerpt":{"rendered":"<p>El I Taller de Cr\u00ed\u00adtica a la Econom\u00ed\u00ada enfila ya su 3\u00aa SESI\u00ed\u201cN con la presencia de \u00ed\u0081lvaro Briales, doctor en Sociolog\u00ed\u00ada por la Universidad Complutense de Madrid, quien expondr\u00e1 este s\u00e1bado 6 de febrero a partir de las 10.30 horas en la Biblioteca Anarquista La Maldita sus reflexiones sobre la teor\u00ed\u00ada cr\u00ed\u00adtica del trabajo&#8230;  <a href=\"https:\/\/diariodevurgos.com\/dvwps\/critica-al-valor-al-trabajo-y-al-capitalismo-entrevista-a-alvaro-briales-en-radio-onda-expansiva.php\" class=\"more-link\" title=\"Read Cr\u00ed\u00adtica al Valor, al Trabajo y al Capitalismo. Entrevista a Alvaro Briales en Radio Onda Expansiva\">Read more &raquo;<\/a><\/p>\n","protected":false},"author":2,"featured_media":0,"comment_status":"open","ping_status":"closed","sticky":false,"template":"","format":"standard","meta":[],"categories":[2,1,26,92,47,79,23],"tags":[],"_links":{"self":[{"href":"https:\/\/diariodevurgos.com\/dvwps\/wp-json\/wp\/v2\/posts\/15899"}],"collection":[{"href":"https:\/\/diariodevurgos.com\/dvwps\/wp-json\/wp\/v2\/posts"}],"about":[{"href":"https:\/\/diariodevurgos.com\/dvwps\/wp-json\/wp\/v2\/types\/post"}],"author":[{"embeddable":true,"href":"https:\/\/diariodevurgos.com\/dvwps\/wp-json\/wp\/v2\/users\/2"}],"replies":[{"embeddable":true,"href":"https:\/\/diariodevurgos.com\/dvwps\/wp-json\/wp\/v2\/comments?post=15899"}],"version-history":[{"count":1,"href":"https:\/\/diariodevurgos.com\/dvwps\/wp-json\/wp\/v2\/posts\/15899\/revisions"}],"predecessor-version":[{"id":15901,"href":"https:\/\/diariodevurgos.com\/dvwps\/wp-json\/wp\/v2\/posts\/15899\/revisions\/15901"}],"wp:attachment":[{"href":"https:\/\/diariodevurgos.com\/dvwps\/wp-json\/wp\/v2\/media?parent=15899"}],"wp:term":[{"taxonomy":"category","embeddable":true,"href":"https:\/\/diariodevurgos.com\/dvwps\/wp-json\/wp\/v2\/categories?post=15899"},{"taxonomy":"post_tag","embeddable":true,"href":"https:\/\/diariodevurgos.com\/dvwps\/wp-json\/wp\/v2\/tags?post=15899"}],"curies":[{"name":"wp","href":"https:\/\/api.w.org\/{rel}","templated":true}]}}