{"id":15912,"date":"2016-02-09T09:47:10","date_gmt":"2016-02-09T08:47:10","guid":{"rendered":"http:\/\/diariodevurgos.com\/dvwps\/?p=15912"},"modified":"2016-02-09T09:47:10","modified_gmt":"2016-02-09T08:47:10","slug":"presentacion-del-libro-el-anarquismo-en-burgos-en-aranda-de-duero","status":"publish","type":"post","link":"https:\/\/diariodevurgos.com\/dvwps\/presentacion-del-libro-el-anarquismo-en-burgos-en-aranda-de-duero.php","title":{"rendered":"Presentaci\u00f3n del libro El Anarquismo en Burgos en Aranda de Duero"},"content":{"rendered":"<p class=\"lead\">Este pr\u00f3ximo <strong>jueves 11 de febrero a las 8 de la noche<\/strong> tendr\u00e1 lugar la presentaci\u00f3n en nuestra localidad del libro editado por la Fundaci\u00f3n de Estudios Libertarios Anselmo Lorenzo y escrito por Ignacio C. Soriano, Francisco J. Barriocanal Nu\u00f1o y Fernando Ortega &#8216;El Anarquismo en Burgos&#8217;, obra que viene a llenar un notable hueco en la bibliograf\u00ed\u00ada sobre la presencia de nuestro ideal por estos pagos, encarnado en tantos y tantos compa\u00f1eros militantes a quienes se silenci\u00f3 siempre desde el Poder y la ense\u00f1anza de una Historia hecha por y para s\u00ed\u00ad mismo. La presentaci\u00f3n correr\u00e1 a cargo de sus autores y la cita ser\u00e1 en el Auditorio de la Casa de la Cultura de Aranda.<\/p>\n<p style=\"text-align: center;\"><img loading=\"lazy\" class=\"aligncenter  wp-image-15913\" src=\"http:\/\/diariodevurgos.com\/dvwps\/wp-content\/uploads\/2016\/02\/presentacion-libro.jpg\" alt=\"presentacion libro\" width=\"361\" height=\"511\" srcset=\"https:\/\/diariodevurgos.com\/dvwps\/wp-content\/uploads\/2016\/02\/presentacion-libro.jpg 2480w, https:\/\/diariodevurgos.com\/dvwps\/wp-content\/uploads\/2016\/02\/presentacion-libro-212x300.jpg 212w, https:\/\/diariodevurgos.com\/dvwps\/wp-content\/uploads\/2016\/02\/presentacion-libro-768x1086.jpg 768w, https:\/\/diariodevurgos.com\/dvwps\/wp-content\/uploads\/2016\/02\/presentacion-libro-724x1024.jpg 724w, https:\/\/diariodevurgos.com\/dvwps\/wp-content\/uploads\/2016\/02\/presentacion-libro-100x141.jpg 100w, https:\/\/diariodevurgos.com\/dvwps\/wp-content\/uploads\/2016\/02\/presentacion-libro-150x212.jpg 150w, https:\/\/diariodevurgos.com\/dvwps\/wp-content\/uploads\/2016\/02\/presentacion-libro-200x283.jpg 200w, https:\/\/diariodevurgos.com\/dvwps\/wp-content\/uploads\/2016\/02\/presentacion-libro-300x424.jpg 300w, https:\/\/diariodevurgos.com\/dvwps\/wp-content\/uploads\/2016\/02\/presentacion-libro-450x637.jpg 450w, https:\/\/diariodevurgos.com\/dvwps\/wp-content\/uploads\/2016\/02\/presentacion-libro-600x849.jpg 600w, https:\/\/diariodevurgos.com\/dvwps\/wp-content\/uploads\/2016\/02\/presentacion-libro-900x1273.jpg 900w\" sizes=\"(max-width: 361px) 100vw, 361px\" \/><\/p>\n","protected":false},"excerpt":{"rendered":"<p>Este pr\u00f3ximo jueves 11 de febrero a las 8 de la noche tendr\u00e1 lugar la presentaci\u00f3n en nuestra localidad del libro editado por la Fundaci\u00f3n de Estudios Libertarios Anselmo Lorenzo y escrito por Ignacio C. Soriano, Francisco J. Barriocanal Nu\u00f1o y Fernando Ortega &#8216;El Anarquismo en Burgos&#8217;, obra que viene a llenar un notable hueco&#8230;  <a href=\"https:\/\/diariodevurgos.com\/dvwps\/presentacion-del-libro-el-anarquismo-en-burgos-en-aranda-de-duero.php\" class=\"more-link\" title=\"Read Presentaci\u00f3n del libro El Anarquismo en Burgos en Aranda de Duero\">Read more &raquo;<\/a><\/p>\n","protected":false},"author":2,"featured_media":0,"comment_status":"open","ping_status":"closed","sticky":false,"template":"","format":"standard","meta":[],"categories":[70,2,57,6,30,79,8],"tags":[],"_links":{"self":[{"href":"https:\/\/diariodevurgos.com\/dvwps\/wp-json\/wp\/v2\/posts\/15912"}],"collection":[{"href":"https:\/\/diariodevurgos.com\/dvwps\/wp-json\/wp\/v2\/posts"}],"about":[{"href":"https:\/\/diariodevurgos.com\/dvwps\/wp-json\/wp\/v2\/types\/post"}],"author":[{"embeddable":true,"href":"https:\/\/diariodevurgos.com\/dvwps\/wp-json\/wp\/v2\/users\/2"}],"replies":[{"embeddable":true,"href":"https:\/\/diariodevurgos.com\/dvwps\/wp-json\/wp\/v2\/comments?post=15912"}],"version-history":[{"count":1,"href":"https:\/\/diariodevurgos.com\/dvwps\/wp-json\/wp\/v2\/posts\/15912\/revisions"}],"predecessor-version":[{"id":15914,"href":"https:\/\/diariodevurgos.com\/dvwps\/wp-json\/wp\/v2\/posts\/15912\/revisions\/15914"}],"wp:attachment":[{"href":"https:\/\/diariodevurgos.com\/dvwps\/wp-json\/wp\/v2\/media?parent=15912"}],"wp:term":[{"taxonomy":"category","embeddable":true,"href":"https:\/\/diariodevurgos.com\/dvwps\/wp-json\/wp\/v2\/categories?post=15912"},{"taxonomy":"post_tag","embeddable":true,"href":"https:\/\/diariodevurgos.com\/dvwps\/wp-json\/wp\/v2\/tags?post=15912"}],"curies":[{"name":"wp","href":"https:\/\/api.w.org\/{rel}","templated":true}]}}