{"id":15933,"date":"2016-02-14T20:07:38","date_gmt":"2016-02-14T19:07:38","guid":{"rendered":"http:\/\/diariodevurgos.com\/dvwps\/?p=15933"},"modified":"2016-02-14T20:08:50","modified_gmt":"2016-02-14T19:08:50","slug":"fecha-del-juicio-de-monica-caballero-y-francisco-solar","status":"publish","type":"post","link":"https:\/\/diariodevurgos.com\/dvwps\/fecha-del-juicio-de-monica-caballero-y-francisco-solar.php","title":{"rendered":"Fecha del juicio de M\u00f3nica Caballero y Francisco Solar"},"content":{"rendered":"<p class=\"lead\">El pasado mi\u00e9rcoles 3 de febrero se fij\u00f3 la fecha del juicio de lxs anarquistas M\u00f3nica Caballero y Francisco Solar, en el que tendr\u00e1n que enfrentar una petici\u00f3n fiscal de 44 a\u00f1os de prisi\u00f3n por los cargos de &#8220;pertenencia a organizaci\u00f3n terrorista, estragos, lesiones y conspiraci\u00f3n&#8221;\u009d. El juicio se llevar\u00e1 a cabo en la sede de la Audiencia Nacional de San Fernando de Henares los d\u00ed\u00adas<strong> 8, 9 y 10 de Marzo<\/strong> y en los pr\u00f3ximos d\u00ed\u00adas ser\u00e1n trasladadxs a c\u00e1rceles madrile\u00f1as.<\/p>\n<p style=\"text-align: center;\"><a href=\"http:\/\/diariodevurgos.com\/dvwps\/wp-content\/uploads\/2016\/02\/Monica-y-Francisco.jpe\" rel=\"attachment wp-att-15934\"><img loading=\"lazy\" class=\"aligncenter wp-image-15934\" src=\"http:\/\/diariodevurgos.com\/dvwps\/wp-content\/uploads\/2016\/02\/Monica-y-Francisco.jpe\" alt=\"Monica y Francisco\" width=\"367\" height=\"275\" srcset=\"https:\/\/diariodevurgos.com\/dvwps\/wp-content\/uploads\/2016\/02\/Monica-y-Francisco.jpe 259w, https:\/\/diariodevurgos.com\/dvwps\/wp-content\/uploads\/2016\/02\/Monica-y-Francisco-100x75.jpe 100w, https:\/\/diariodevurgos.com\/dvwps\/wp-content\/uploads\/2016\/02\/Monica-y-Francisco-150x112.jpe 150w, https:\/\/diariodevurgos.com\/dvwps\/wp-content\/uploads\/2016\/02\/Monica-y-Francisco-200x150.jpe 200w\" sizes=\"(max-width: 367px) 100vw, 367px\" \/><\/a><\/p>\n<p><!--more--><\/p>\n<p>Casi seis a\u00f1os despu\u00e9s de la construcci\u00f3n del denominado Caso Bombas por parte del Estado chileno, donde ambxs fueron encarceladxs, juzgadxs, condenadxs y finalmente absueltxs, y m\u00e1s de dos a\u00f1os despu\u00e9s de sus detenciones en el Estado espa\u00f1ol, M\u00f3nica y Francisco volver\u00e1n a estar en un tribunal ante jueces y fiscales. El proceso legal contra lxs compa\u00f1erxs ha visibilizado el trabajo de gesti\u00f3n conjunta de los Estados chileno y espa\u00f1ol en materia antiterrorista, acompa\u00f1ado del habitual linchamiento medi\u00e1tico propio de estos casos. Ha sido tambi\u00e9n la punta de lanza del actual contexto represivo que se abalanza contra las luchas, ya que se trat\u00f3 de la primera de la serie de operaciones antiterroristas preparadas por el Estado durante estos dos \u00faltimos a\u00f1os contra anarquistas y antiautoritarixs, que han imputado alrededor de 40 personas por terrorismo.<\/p>\n<p>Ante las embestidas del Estado y sus diferentes formas de aislar, intimidar o perseguir las luchas y a quienes formamos parte de ellas, lxs anarquistas y luchadores\/as tenemos la capacidad de afilar nuestras palabras y pr\u00e1cticas cuestionando sus moldes ciudadanos, encontrando nuestro propio abecedario para la superaci\u00f3n del lenguaje del enemigo y defendiendo nuestras luchas y v\u00ed\u00adnculos evitando caer en posturas victimistas, m\u00e1s all\u00e1 de la l\u00f3gica inocentista y\/o culpabilizadora. Desde este lugar se han enfrentado M\u00f3nica y Francisco al encierro y de esta forma impulsamos la solidaridad.<\/p>\n<p>En la negaci\u00f3n de la autoridad y su legitimidad creada para juzgarnos, en la reafirmaci\u00f3n de las ideas, pr\u00e1cticas y complicidades rebeldes, por la agitaci\u00f3n constante y la solidaridad combativa. Siempre con lxs que luchan.<\/p>\n<p><strong>\u00a1FUERZA Y LIBERTAD PARA M\u00ed\u201cNICA Y FRANCISCO Y TODXS LXS LUCHADORES\/AS PRESXS Y PERSEGUIDXS! \u00a1LIBERTAD PARA TODXS!<\/strong><\/p>\n<p><strong>\u00a1ABAJO TODOS LOS MUROS!<\/strong><\/p>\n<p>Barcelona, febrero 2015<\/p>\n","protected":false},"excerpt":{"rendered":"<p>El pasado mi\u00e9rcoles 3 de febrero se fij\u00f3 la fecha del juicio de lxs anarquistas M\u00f3nica Caballero y Francisco Solar, en el que tendr\u00e1n que enfrentar una petici\u00f3n fiscal de 44 a\u00f1os de prisi\u00f3n por los cargos de &#8220;pertenencia a organizaci\u00f3n terrorista, estragos, lesiones y conspiraci\u00f3n&#8221;\u009d. El juicio se llevar\u00e1 a cabo en la sede&#8230;  <a href=\"https:\/\/diariodevurgos.com\/dvwps\/fecha-del-juicio-de-monica-caballero-y-francisco-solar.php\" class=\"more-link\" title=\"Read Fecha del juicio de M\u00f3nica Caballero y Francisco Solar\">Read more &raquo;<\/a><\/p>\n","protected":false},"author":2,"featured_media":0,"comment_status":"open","ping_status":"closed","sticky":false,"template":"","format":"standard","meta":[],"categories":[22,17],"tags":[],"_links":{"self":[{"href":"https:\/\/diariodevurgos.com\/dvwps\/wp-json\/wp\/v2\/posts\/15933"}],"collection":[{"href":"https:\/\/diariodevurgos.com\/dvwps\/wp-json\/wp\/v2\/posts"}],"about":[{"href":"https:\/\/diariodevurgos.com\/dvwps\/wp-json\/wp\/v2\/types\/post"}],"author":[{"embeddable":true,"href":"https:\/\/diariodevurgos.com\/dvwps\/wp-json\/wp\/v2\/users\/2"}],"replies":[{"embeddable":true,"href":"https:\/\/diariodevurgos.com\/dvwps\/wp-json\/wp\/v2\/comments?post=15933"}],"version-history":[{"count":3,"href":"https:\/\/diariodevurgos.com\/dvwps\/wp-json\/wp\/v2\/posts\/15933\/revisions"}],"predecessor-version":[{"id":15937,"href":"https:\/\/diariodevurgos.com\/dvwps\/wp-json\/wp\/v2\/posts\/15933\/revisions\/15937"}],"wp:attachment":[{"href":"https:\/\/diariodevurgos.com\/dvwps\/wp-json\/wp\/v2\/media?parent=15933"}],"wp:term":[{"taxonomy":"category","embeddable":true,"href":"https:\/\/diariodevurgos.com\/dvwps\/wp-json\/wp\/v2\/categories?post=15933"},{"taxonomy":"post_tag","embeddable":true,"href":"https:\/\/diariodevurgos.com\/dvwps\/wp-json\/wp\/v2\/tags?post=15933"}],"curies":[{"name":"wp","href":"https:\/\/api.w.org\/{rel}","templated":true}]}}