{"id":15949,"date":"2016-02-16T16:55:24","date_gmt":"2016-02-16T15:55:24","guid":{"rendered":"http:\/\/diariodevurgos.com\/dvwps\/?p=15949"},"modified":"2016-02-16T16:55:24","modified_gmt":"2016-02-16T15:55:24","slug":"juicio-a-un-activista-de-la-federacion-anarquista-de-gran-canaria","status":"publish","type":"post","link":"https:\/\/diariodevurgos.com\/dvwps\/juicio-a-un-activista-de-la-federacion-anarquista-de-gran-canaria.php","title":{"rendered":"Juicio a un activista de la Federaci\u00f3n Anarquista de Gran Canaria"},"content":{"rendered":"<p class=\"lead\">El a\u00f1o pasado (30 de abril de 2015) el compa\u00f1ero Ruym\u00e1n fue detenido sin justificaci\u00f3n alguna como parte de la campa\u00f1a policial para desestabilizar el<strong> proyecto de la Comunidad &#8220;La Esperanza&#8221;\u009d<\/strong> (el propio compa\u00f1ero lo cont\u00f3 aqu\u00ed\u00ad:<a href=\"http:\/\/www.anarquistasgc.net\/2015\/05\/torturas-un-militante-de-la-fagc-y.html\"> Torturas a un militante de la FAGC)<\/a>. Despu\u00e9s de un per\u00ed\u00adodo de deliberaci\u00f3n, el juez acab\u00f3 considerando que lo denunciado por la Guardia Civil como delito de &#8220;atentado a la autoridad&#8221;\u009d deb\u00ed\u00ada ser juzgado como una simple falta de &#8220;desobediencia&#8221;\u009d.<\/p>\n<p style=\"text-align: center;\"><img loading=\"lazy\" class=\"alignnone\" src=\"http:\/\/kaosenlared.net\/wp-content\/uploads\/2016\/02\/00-117.jpg\" alt=\"\" width=\"353\" height=\"243\" \/><\/p>\n<p style=\"text-align: left;\"><span style=\"color: #000000;\"><strong><span style=\"color: #800000;\">ACTUALIZADO<\/span>:<\/strong><\/span> <strong>Celebrada la vista oral del juicio, el militante libertario ha sido absuleto y el guardia civil sobre el que se denunciaban torturas ha sido a su vez procesado de oficio<\/strong><\/p>\n<p><!--more--><\/p>\n<p>La Guardia Civil, cuyo principal inter\u00e9s en este caso es meter en prisi\u00f3n al compa\u00f1ero y sacarlo de circulaci\u00f3n, recurri\u00f3 la decisi\u00f3n judicial y llev\u00f3 el caso al Provincial. El Provincial ha aceptado el recurso y ahora al compa\u00f1ero vuelve a imput\u00e1rsele un delito de &#8220;atentado a la autoridad&#8221;\u009d, y a ped\u00ed\u00adrsele penas de prisi\u00f3n m\u00e1s la multa e indemnizaci\u00f3n correspondientes. El pr\u00f3ximo juicio es este 16 de febrero (2016). Otro dato a destacar es que, curiosamente, el juez que rebaj\u00f3 la imputaci\u00f3n de delito a falta ha sido sustituido y ahora lo juzgar\u00e1 otro magistrado.<\/p>\n<p>Uno de los agentes que lo denuncia, el principal responsable de las torturas, no aporta como prueba de dicho &#8220;atentado&#8221;\u009d m\u00e1s que un parte de lesiones que se reduce, literalmente, a &#8220;una rozadura en el muslo&#8221;\u009d. El mismo declar\u00f3 abiertamente, en los pasillos de juzgados, que si volv\u00ed\u00ada a desestimarse el caso como delito contaba con todo el apoyo del cuerpo para volver a recurrir y llevarlo hasta el Supremo. Repetimos que todo es parte de una maniobra para neutralizar al compa\u00f1ero y sacarlo de la lucha social.<\/p>\n<p>Parte de este desprop\u00f3sito es que al compa\u00f1ero le reclama la seguridad social los gastos m\u00e9dicos provocados por la asistencia que requiri\u00f3 despu\u00e9s de las torturas recibidas (aqu\u00ed\u00ad se ven algunas de las lesiones: Evidencias fotogr\u00e1ficas de las torturas).<\/p>\n<p>A todo esto tambi\u00e9n se suma una oleada de denuncias administrativas demenciales, como la que reproducimos a continuaci\u00f3n, en las que por ejemplo se le reclama que abone una multa de tr\u00e1fico, a pesar de no tener veh\u00ed\u00adculo ni carnet de conducir ni haber conducido nunca. Algunas de estas multas, que le llegan ahora, datan incluso desde el 2011 y provocan embargos, como esta misma, de hasta 220 euros:<\/p>\n<p>Como vemos, a la represi\u00f3n puramente policial se suma la administrativa, que secuestra cuentas bancarias y n\u00f3minas y condena a la muerte civil a sus v\u00ed\u00adctimas. Es una guerra de desgaste y agotamiento que obliga al afectado a defenderse en varios frentes y a iniciar una v\u00ed\u00ada de reclamaciones que s\u00f3lo suponen m\u00e1s gastos y un entorpecimiento de su actividad militante.<\/p>\n<p>Como sabemos que esta lucha es larga repetimos nuestro llamado a la solidaridad hecho hace algunos meses <a href=\"http:\/\/www.anarquistasgc.net\/2015\/10\/lafagc-y-la-represion-solicitudde-apoyo.html\">(La FAGC y la Represi\u00f3n)<\/a>, para que si despu\u00e9s de este juicio las cosas empeoran a\u00fan m\u00e1s, se le d\u00e9 cobertura medi\u00e1tica al compa\u00f1ero y se le preste todo el apoyo que nos sea posible. Para al menos intentar que no les resulte tan f\u00e1cil salirse con la suya.<\/p>\n<p>&#8220;S\u00e9 que no se puede competir contrar el formidable arsenal del que dispone la sociedad. S\u00e9 que ser\u00e9 vencido, que soy el m\u00e1s d\u00e9bil; pero espero haceros pagar cara vuestra victoria&#8221;\u009d (Octave Garnier, carta abierta al prefecto de polic\u00ed\u00ada, 19 de marzo de 1912).<\/p>\n","protected":false},"excerpt":{"rendered":"<p>El a\u00f1o pasado (30 de abril de 2015) el compa\u00f1ero Ruym\u00e1n fue detenido sin justificaci\u00f3n alguna como parte de la campa\u00f1a policial para desestabilizar el proyecto de la Comunidad &#8220;La Esperanza&#8221;\u009d (el propio compa\u00f1ero lo cont\u00f3 aqu\u00ed\u00ad: Torturas a un militante de la FAGC). Despu\u00e9s de un per\u00ed\u00adodo de deliberaci\u00f3n, el juez acab\u00f3 considerando que&#8230;  <a href=\"https:\/\/diariodevurgos.com\/dvwps\/juicio-a-un-activista-de-la-federacion-anarquista-de-gran-canaria.php\" class=\"more-link\" title=\"Read Juicio a un activista de la Federaci\u00f3n Anarquista de Gran Canaria\">Read more &raquo;<\/a><\/p>\n","protected":false},"author":2,"featured_media":0,"comment_status":"open","ping_status":"closed","sticky":false,"template":"","format":"standard","meta":[],"categories":[17,7],"tags":[],"_links":{"self":[{"href":"https:\/\/diariodevurgos.com\/dvwps\/wp-json\/wp\/v2\/posts\/15949"}],"collection":[{"href":"https:\/\/diariodevurgos.com\/dvwps\/wp-json\/wp\/v2\/posts"}],"about":[{"href":"https:\/\/diariodevurgos.com\/dvwps\/wp-json\/wp\/v2\/types\/post"}],"author":[{"embeddable":true,"href":"https:\/\/diariodevurgos.com\/dvwps\/wp-json\/wp\/v2\/users\/2"}],"replies":[{"embeddable":true,"href":"https:\/\/diariodevurgos.com\/dvwps\/wp-json\/wp\/v2\/comments?post=15949"}],"version-history":[{"count":1,"href":"https:\/\/diariodevurgos.com\/dvwps\/wp-json\/wp\/v2\/posts\/15949\/revisions"}],"predecessor-version":[{"id":15950,"href":"https:\/\/diariodevurgos.com\/dvwps\/wp-json\/wp\/v2\/posts\/15949\/revisions\/15950"}],"wp:attachment":[{"href":"https:\/\/diariodevurgos.com\/dvwps\/wp-json\/wp\/v2\/media?parent=15949"}],"wp:term":[{"taxonomy":"category","embeddable":true,"href":"https:\/\/diariodevurgos.com\/dvwps\/wp-json\/wp\/v2\/categories?post=15949"},{"taxonomy":"post_tag","embeddable":true,"href":"https:\/\/diariodevurgos.com\/dvwps\/wp-json\/wp\/v2\/tags?post=15949"}],"curies":[{"name":"wp","href":"https:\/\/api.w.org\/{rel}","templated":true}]}}