{"id":15968,"date":"2016-02-18T18:07:10","date_gmt":"2016-02-18T17:07:10","guid":{"rendered":"http:\/\/diariodevurgos.com\/dvwps\/?p=15968"},"modified":"2016-02-18T18:07:10","modified_gmt":"2016-02-18T17:07:10","slug":"una-mirada-antropologica-a-la-economia-entrevista-a-paz-moreno-feliu","status":"publish","type":"post","link":"https:\/\/diariodevurgos.com\/dvwps\/una-mirada-antropologica-a-la-economia-entrevista-a-paz-moreno-feliu.php","title":{"rendered":"Una mirada antropol\u00f3gica a la econom\u00ed\u00ada. Entrevista a Paz Moreno Feliu"},"content":{"rendered":"<p class=\"lead\">El<a href=\"http:\/\/diariodevurgos.com\/dvwps\/i-taller-de-critica-a-la-economia.php\"> I Taller de Cr\u00ed\u00adtica a la Econom\u00ed\u00ada <\/a>contin\u00faa su andadura desarrollando este <strong>s\u00e1bado 20 de febrero de 2016<\/strong> su <a href=\"http:\/\/www.zamarracoediciones.net\/#excursos\">5\u00aaSESI\u00ed\u201cN<\/a> que dar\u00e1 comienzo a partir de las <strong>10.30 horas<\/strong> en la <strong>Biblioteca Anarquista La Maldita<\/strong>. En esta ocasi\u00f3n nos acompa\u00f1ar\u00e1 <strong>Paz Moreno Feliu<\/strong>, profesora e investigadora del \u00e1mbito de la antropolog\u00ed\u00ada econ\u00f3mica, que cuenta en su haber con numerosas publicaciones sobre esta tem\u00e1tica como <em>Entre las Gracias y el molino sat\u00e1nico o El bosque de la Gracias y sus pasatiempos: Ra\u00ed\u00adces de la Antropolog\u00ed\u00ada Econ\u00f3mica<\/em>.<\/p>\n<p style=\"text-align: center;\"><img loading=\"lazy\" class=\"aligncenter  wp-image-15969\" src=\"http:\/\/diariodevurgos.com\/dvwps\/wp-content\/uploads\/2016\/02\/Paz-Moreno.jpg\" alt=\"Paz Moreno\" width=\"346\" height=\"264\" srcset=\"https:\/\/diariodevurgos.com\/dvwps\/wp-content\/uploads\/2016\/02\/Paz-Moreno.jpg 400w, https:\/\/diariodevurgos.com\/dvwps\/wp-content\/uploads\/2016\/02\/Paz-Moreno-300x229.jpg 300w, https:\/\/diariodevurgos.com\/dvwps\/wp-content\/uploads\/2016\/02\/Paz-Moreno-100x76.jpg 100w, https:\/\/diariodevurgos.com\/dvwps\/wp-content\/uploads\/2016\/02\/Paz-Moreno-150x114.jpg 150w, https:\/\/diariodevurgos.com\/dvwps\/wp-content\/uploads\/2016\/02\/Paz-Moreno-200x153.jpg 200w\" sizes=\"(max-width: 346px) 100vw, 346px\" \/><\/p>\n<p><strong>Radio Onda Expansiv<\/strong>a acaba de publicar en su blog <a href=\"http:\/\/ondaexpansiva.net\/?p=2043\">una breve entrevista con esta autora<\/a> con la que nos sumergimos de lleno a trav\u00e9s de herramientas como la antropolog\u00ed\u00ada econ\u00f3mica en el an\u00e1lisis de conceptos como la ruptura ideol\u00f3gica que funda la modernidad o el testimonio de vidas a\u00fan no dominadas hoy por la l\u00f3gica de la econom\u00ed\u00ada.<\/p>\n","protected":false},"excerpt":{"rendered":"<p>El I Taller de Cr\u00ed\u00adtica a la Econom\u00ed\u00ada contin\u00faa su andadura desarrollando este s\u00e1bado 20 de febrero de 2016 su 5\u00aaSESI\u00ed\u201cN que dar\u00e1 comienzo a partir de las 10.30 horas en la Biblioteca Anarquista La Maldita. En esta ocasi\u00f3n nos acompa\u00f1ar\u00e1 Paz Moreno Feliu, profesora e investigadora del \u00e1mbito de la antropolog\u00ed\u00ada econ\u00f3mica, que cuenta&#8230;  <a href=\"https:\/\/diariodevurgos.com\/dvwps\/una-mirada-antropologica-a-la-economia-entrevista-a-paz-moreno-feliu.php\" class=\"more-link\" title=\"Read Una mirada antropol\u00f3gica a la econom\u00ed\u00ada. Entrevista a Paz Moreno Feliu\">Read more &raquo;<\/a><\/p>\n","protected":false},"author":2,"featured_media":0,"comment_status":"open","ping_status":"closed","sticky":false,"template":"","format":"standard","meta":[],"categories":[2,57,91,27,26,92,79,8,23],"tags":[],"_links":{"self":[{"href":"https:\/\/diariodevurgos.com\/dvwps\/wp-json\/wp\/v2\/posts\/15968"}],"collection":[{"href":"https:\/\/diariodevurgos.com\/dvwps\/wp-json\/wp\/v2\/posts"}],"about":[{"href":"https:\/\/diariodevurgos.com\/dvwps\/wp-json\/wp\/v2\/types\/post"}],"author":[{"embeddable":true,"href":"https:\/\/diariodevurgos.com\/dvwps\/wp-json\/wp\/v2\/users\/2"}],"replies":[{"embeddable":true,"href":"https:\/\/diariodevurgos.com\/dvwps\/wp-json\/wp\/v2\/comments?post=15968"}],"version-history":[{"count":1,"href":"https:\/\/diariodevurgos.com\/dvwps\/wp-json\/wp\/v2\/posts\/15968\/revisions"}],"predecessor-version":[{"id":15970,"href":"https:\/\/diariodevurgos.com\/dvwps\/wp-json\/wp\/v2\/posts\/15968\/revisions\/15970"}],"wp:attachment":[{"href":"https:\/\/diariodevurgos.com\/dvwps\/wp-json\/wp\/v2\/media?parent=15968"}],"wp:term":[{"taxonomy":"category","embeddable":true,"href":"https:\/\/diariodevurgos.com\/dvwps\/wp-json\/wp\/v2\/categories?post=15968"},{"taxonomy":"post_tag","embeddable":true,"href":"https:\/\/diariodevurgos.com\/dvwps\/wp-json\/wp\/v2\/tags?post=15968"}],"curies":[{"name":"wp","href":"https:\/\/api.w.org\/{rel}","templated":true}]}}