{"id":15985,"date":"2016-02-22T23:50:05","date_gmt":"2016-02-22T22:50:05","guid":{"rendered":"http:\/\/diariodevurgos.com\/dvwps\/?p=15985"},"modified":"2016-02-22T23:50:05","modified_gmt":"2016-02-22T22:50:05","slug":"proyeccion-de-cine-en-aranda-de-duero-la-revolucion-de-los-angeles","status":"publish","type":"post","link":"https:\/\/diariodevurgos.com\/dvwps\/proyeccion-de-cine-en-aranda-de-duero-la-revolucion-de-los-angeles.php","title":{"rendered":"Proyecci\u00f3n de cine en Aranda de Duero: La Revoluci\u00f3n de los \u00ed\u0081ngeles"},"content":{"rendered":"<p class=\"lead\">El<strong> jueves 25 de febrero<\/strong> se llevar\u00e1 a cabo la proyecci\u00f3n de la pel\u00ed\u00adcula <strong>La Revoluci\u00f3n de los \u00ed\u0081ngeles<\/strong> en el <a href=\"http:\/\/burgos.cnt.es\/aranda\">local de la CNT-AIT de Aranda de Duero.<\/a> La entrada ser\u00e1 gratuita hasta completar el aforo.<\/p>\n<p style=\"text-align: center;\"><img loading=\"lazy\" class=\"aligncenter  wp-image-15986\" src=\"http:\/\/diariodevurgos.com\/dvwps\/wp-content\/uploads\/2016\/02\/peli-febrero-cnt.jpg\" alt=\"peli febrero cnt\" width=\"367\" height=\"519\" srcset=\"https:\/\/diariodevurgos.com\/dvwps\/wp-content\/uploads\/2016\/02\/peli-febrero-cnt.jpg 1240w, https:\/\/diariodevurgos.com\/dvwps\/wp-content\/uploads\/2016\/02\/peli-febrero-cnt-212x300.jpg 212w, https:\/\/diariodevurgos.com\/dvwps\/wp-content\/uploads\/2016\/02\/peli-febrero-cnt-768x1086.jpg 768w, https:\/\/diariodevurgos.com\/dvwps\/wp-content\/uploads\/2016\/02\/peli-febrero-cnt-724x1024.jpg 724w, https:\/\/diariodevurgos.com\/dvwps\/wp-content\/uploads\/2016\/02\/peli-febrero-cnt-100x141.jpg 100w, https:\/\/diariodevurgos.com\/dvwps\/wp-content\/uploads\/2016\/02\/peli-febrero-cnt-150x212.jpg 150w, https:\/\/diariodevurgos.com\/dvwps\/wp-content\/uploads\/2016\/02\/peli-febrero-cnt-200x283.jpg 200w, https:\/\/diariodevurgos.com\/dvwps\/wp-content\/uploads\/2016\/02\/peli-febrero-cnt-300x424.jpg 300w, https:\/\/diariodevurgos.com\/dvwps\/wp-content\/uploads\/2016\/02\/peli-febrero-cnt-450x637.jpg 450w, https:\/\/diariodevurgos.com\/dvwps\/wp-content\/uploads\/2016\/02\/peli-febrero-cnt-600x849.jpg 600w, https:\/\/diariodevurgos.com\/dvwps\/wp-content\/uploads\/2016\/02\/peli-febrero-cnt-900x1273.jpg 900w\" sizes=\"(max-width: 367px) 100vw, 367px\" \/><\/p>\n","protected":false},"excerpt":{"rendered":"<p>El jueves 25 de febrero se llevar\u00e1 a cabo la proyecci\u00f3n de la pel\u00ed\u00adcula La Revoluci\u00f3n de los \u00ed\u0081ngeles en el local de la CNT-AIT de Aranda de Duero. La entrada ser\u00e1 gratuita hasta completar el aforo.<\/p>\n","protected":false},"author":2,"featured_media":0,"comment_status":"open","ping_status":"closed","sticky":false,"template":"","format":"standard","meta":[],"categories":[70,2,62,57],"tags":[],"_links":{"self":[{"href":"https:\/\/diariodevurgos.com\/dvwps\/wp-json\/wp\/v2\/posts\/15985"}],"collection":[{"href":"https:\/\/diariodevurgos.com\/dvwps\/wp-json\/wp\/v2\/posts"}],"about":[{"href":"https:\/\/diariodevurgos.com\/dvwps\/wp-json\/wp\/v2\/types\/post"}],"author":[{"embeddable":true,"href":"https:\/\/diariodevurgos.com\/dvwps\/wp-json\/wp\/v2\/users\/2"}],"replies":[{"embeddable":true,"href":"https:\/\/diariodevurgos.com\/dvwps\/wp-json\/wp\/v2\/comments?post=15985"}],"version-history":[{"count":1,"href":"https:\/\/diariodevurgos.com\/dvwps\/wp-json\/wp\/v2\/posts\/15985\/revisions"}],"predecessor-version":[{"id":15987,"href":"https:\/\/diariodevurgos.com\/dvwps\/wp-json\/wp\/v2\/posts\/15985\/revisions\/15987"}],"wp:attachment":[{"href":"https:\/\/diariodevurgos.com\/dvwps\/wp-json\/wp\/v2\/media?parent=15985"}],"wp:term":[{"taxonomy":"category","embeddable":true,"href":"https:\/\/diariodevurgos.com\/dvwps\/wp-json\/wp\/v2\/categories?post=15985"},{"taxonomy":"post_tag","embeddable":true,"href":"https:\/\/diariodevurgos.com\/dvwps\/wp-json\/wp\/v2\/tags?post=15985"}],"curies":[{"name":"wp","href":"https:\/\/api.w.org\/{rel}","templated":true}]}}