{"id":15994,"date":"2016-02-23T21:52:48","date_gmt":"2016-02-23T20:52:48","guid":{"rendered":"http:\/\/diariodevurgos.com\/dvwps\/?p=15994"},"modified":"2016-02-24T16:07:10","modified_gmt":"2016-02-24T15:07:10","slug":"una-propuesta-practica-a-debate-la-autonomia-comunal-en-euskal-herria","status":"publish","type":"post","link":"https:\/\/diariodevurgos.com\/dvwps\/una-propuesta-practica-a-debate-la-autonomia-comunal-en-euskal-herria.php","title":{"rendered":"Una propuesta pr\u00e1ctica a debate: la Autonom\u00ed\u00ada Comunal en Euskal Herria"},"content":{"rendered":"<p class=\"lead\">El<a href=\"http:\/\/www.alasbarricadas.org\/noticias\/node\/35533\"> I Taller de Cr\u00ed\u00adtica a la Econom\u00ed\u00ada<\/a> enfila ya su recta final este <strong>s\u00e1bado 27 de febrero<\/strong> con la \u00faltima de las sesiones que tendr\u00e1 un car\u00e1cter eminentemente pr\u00e1ctico y que contar\u00e1 con la presencia de personas vinculadas a los <strong>Colectivos de Autonom\u00ed\u00ada Comunal<\/strong>\u00a0. Una experiencia que trata de poner en marcha su alternativa al capitalismo en Euskadi. Como viene siendo habitual, la sesi\u00f3n dar\u00e1 comienzo a partir de las <strong>10.30 horas<\/strong> en la <a href=\"http:\/\/diariodevurgos.com\/dvwps\/category\/la-maldita\">Biblioteca Anarquista La Maldita.<\/a><\/p>\n<p style=\"text-align: center;\"><img loading=\"lazy\" class=\"alignnone\" src=\"http:\/\/diariodevurgos.com\/dvwps\/wp-content\/uploads\/2015\/12\/Cara.A2.jpg\" alt=\"\" width=\"335\" height=\"474\" \/><\/p>\n<p>Para que una alternativa al capitalismo lo sea realmente y no reproduzca su misma l\u00f3gica social, es imprescindible identificar los elementos fundamentales que lo configuran como sistema social. Consideramos que uno de los elementos cardinales de la l\u00f3gica social capitalista se refiere a la indiferencia productiva existente entre sus miembros, de la que se derivan el intercambio, el valor abstracto, la mercanc\u00ed\u00ada, el dinero, el trabajo asalariado, la dominaci\u00f3n de clase y en \u00faltimo t\u00e9rmino, la falta de control sobre nuestras vidas. Frente a ello, proponemos y llevamos a la pr\u00e1ctica un modelo productivo basado en los v\u00ed\u00adnculos de amistad y el cuidado mutuo, al margen de la l\u00f3gica del intercambio y del mercado, de modo que nos permita tomar el control directo de lo que somos y lo que producimos, y establecer una forma de poder popular aut\u00f3nomo y descentralizado.<\/p>\n<p style=\"text-align: center;\"><img loading=\"lazy\" class=\"aligncenter wp-image-15995\" src=\"http:\/\/diariodevurgos.com\/dvwps\/wp-content\/uploads\/2016\/02\/Autonom\u00ed\u00ada-Comunal.jpg\" alt=\"Autonom\u00ed\u00ada Comunal\" width=\"478\" height=\"205\" \/><\/p>\n<p>Denominamos a ese proyecto pol\u00ed\u00adtico como autonom\u00ed\u00ada comunal. Para conocer m\u00e1s acerca de esta experiencia pr\u00e1ctica desde la editorial<a href=\"http:\/\/www.zamarracoediciones.net\/#excursos\"> Lecturas de Zamarraco<\/a> recomiendan la lectura del documento <a href=\"http:\/\/nahimen.org\/onewebmedia\/NAHIMEN%20II_Udazkena_2015.pdf\">Autonom\u00ed\u00ada Comunal en Euskal Herria<\/a><\/p>\n","protected":false},"excerpt":{"rendered":"<p>El I Taller de Cr\u00ed\u00adtica a la Econom\u00ed\u00ada enfila ya su recta final este s\u00e1bado 27 de febrero con la \u00faltima de las sesiones que tendr\u00e1 un car\u00e1cter eminentemente pr\u00e1ctico y que contar\u00e1 con la presencia de personas vinculadas a los Colectivos de Autonom\u00ed\u00ada Comunal\u00a0. Una experiencia que trata de poner en marcha su alternativa&#8230;  <a href=\"https:\/\/diariodevurgos.com\/dvwps\/una-propuesta-practica-a-debate-la-autonomia-comunal-en-euskal-herria.php\" class=\"more-link\" title=\"Read Una propuesta pr\u00e1ctica a debate: la Autonom\u00ed\u00ada Comunal en Euskal Herria\">Read more &raquo;<\/a><\/p>\n","protected":false},"author":2,"featured_media":0,"comment_status":"open","ping_status":"closed","sticky":false,"template":"","format":"standard","meta":[],"categories":[2,57,91,27,92,47,79],"tags":[],"_links":{"self":[{"href":"https:\/\/diariodevurgos.com\/dvwps\/wp-json\/wp\/v2\/posts\/15994"}],"collection":[{"href":"https:\/\/diariodevurgos.com\/dvwps\/wp-json\/wp\/v2\/posts"}],"about":[{"href":"https:\/\/diariodevurgos.com\/dvwps\/wp-json\/wp\/v2\/types\/post"}],"author":[{"embeddable":true,"href":"https:\/\/diariodevurgos.com\/dvwps\/wp-json\/wp\/v2\/users\/2"}],"replies":[{"embeddable":true,"href":"https:\/\/diariodevurgos.com\/dvwps\/wp-json\/wp\/v2\/comments?post=15994"}],"version-history":[{"count":3,"href":"https:\/\/diariodevurgos.com\/dvwps\/wp-json\/wp\/v2\/posts\/15994\/revisions"}],"predecessor-version":[{"id":15998,"href":"https:\/\/diariodevurgos.com\/dvwps\/wp-json\/wp\/v2\/posts\/15994\/revisions\/15998"}],"wp:attachment":[{"href":"https:\/\/diariodevurgos.com\/dvwps\/wp-json\/wp\/v2\/media?parent=15994"}],"wp:term":[{"taxonomy":"category","embeddable":true,"href":"https:\/\/diariodevurgos.com\/dvwps\/wp-json\/wp\/v2\/categories?post=15994"},{"taxonomy":"post_tag","embeddable":true,"href":"https:\/\/diariodevurgos.com\/dvwps\/wp-json\/wp\/v2\/tags?post=15994"}],"curies":[{"name":"wp","href":"https:\/\/api.w.org\/{rel}","templated":true}]}}