{"id":16003,"date":"2016-03-01T17:45:03","date_gmt":"2016-03-01T16:45:03","guid":{"rendered":"http:\/\/diariodevurgos.com\/dvwps\/?p=16003"},"modified":"2016-03-01T17:45:03","modified_gmt":"2016-03-01T16:45:03","slug":"marzas-reivindicativas-en-gamonal","status":"publish","type":"post","link":"https:\/\/diariodevurgos.com\/dvwps\/marzas-reivindicativas-en-gamonal.php","title":{"rendered":"Marzas reivindicativas en Gamonal"},"content":{"rendered":"<p class=\"lead\">Durante la noche de ayer lunes 29 de marzo Gamonal volvi\u00f3 a recuperar el tradicional canto de las marzas, canciones ancestrales con las que antiguamente se celebraba la entrada del mes de marzo, en una iniciativa organizada por la <strong>Asamblea de Gamonal<\/strong> y el <strong>Centro Social Recuperado<\/strong>.<\/p>\n<p style=\"text-align: center;\"><img loading=\"lazy\" class=\"aligncenter  wp-image-16004\" src=\"http:\/\/diariodevurgos.com\/dvwps\/wp-content\/uploads\/2016\/03\/Marzas3.jpg\" alt=\"Marzas3\" width=\"455\" height=\"311\" srcset=\"https:\/\/diariodevurgos.com\/dvwps\/wp-content\/uploads\/2016\/03\/Marzas3.jpg 911w, https:\/\/diariodevurgos.com\/dvwps\/wp-content\/uploads\/2016\/03\/Marzas3-300x205.jpg 300w, https:\/\/diariodevurgos.com\/dvwps\/wp-content\/uploads\/2016\/03\/Marzas3-768x525.jpg 768w, https:\/\/diariodevurgos.com\/dvwps\/wp-content\/uploads\/2016\/03\/Marzas3-100x68.jpg 100w, https:\/\/diariodevurgos.com\/dvwps\/wp-content\/uploads\/2016\/03\/Marzas3-150x103.jpg 150w, https:\/\/diariodevurgos.com\/dvwps\/wp-content\/uploads\/2016\/03\/Marzas3-200x137.jpg 200w, https:\/\/diariodevurgos.com\/dvwps\/wp-content\/uploads\/2016\/03\/Marzas3-450x308.jpg 450w, https:\/\/diariodevurgos.com\/dvwps\/wp-content\/uploads\/2016\/03\/Marzas3-600x410.jpg 600w, https:\/\/diariodevurgos.com\/dvwps\/wp-content\/uploads\/2016\/03\/Marzas3-900x615.jpg 900w\" sizes=\"(max-width: 455px) 100vw, 455px\" \/><\/p>\n<p>Una tradici\u00f3n que ha sido recuperado por los vecinos del barrio frente a la dejadez institucional y que sirvi\u00f3 para recordar a los encausados en las luchas del &#8220;caliente&#8221;\u009d enero de 2014. J\u00f3venes, mayores, hombre y mujeres, entonaron unas marzas cargadas de mensaje reivindicativo con las que el barrio de Gamonal dio la bienvenida al mes de marzo al calor de sopas de ajo y orujo de miel.<!--more--><\/p>\n<p>Las marzas tienen una tradici\u00f3n de siglos, probablemente incluso anterior a la llegada de los romanos a la Pen\u00ed\u00adnsula Ib\u00e9rica. Sin embargo, s\u00f3lo se cantan las marzas en el norte de Espa\u00f1a, especialmente en Cantabria y Burgos.<\/p>\n<p>El origen de las marzas puede guardar relaci\u00f3n con el comienzo del a\u00f1o Romano, que se fijo en el primer d\u00ed\u00ada de marzo (hasta la reforma de Julio C\u00e9sar en el a\u00f1o 45 a.C). Para el investigador Caro Baroja, &#8220;los mozos son los descendientes de los que en otra \u00e9poca salieran con motivo del comienzo del a\u00f1o <em>Kalendae Martiae<\/em>, cantando las llamadas<em> martiae<\/em>, que anunciaban la venida del primer mes del a\u00f1o, dedicado a un dios de la agricultura, despu\u00e9s de los meses purificatorios.<\/p>\n<p style=\"text-align: center;\"><img loading=\"lazy\" class=\"aligncenter  wp-image-16005\" src=\"http:\/\/diariodevurgos.com\/dvwps\/wp-content\/uploads\/2016\/03\/Marzas2.jpg\" alt=\"Marzas2\" width=\"484\" height=\"407\" srcset=\"https:\/\/diariodevurgos.com\/dvwps\/wp-content\/uploads\/2016\/03\/Marzas2.jpg 741w, https:\/\/diariodevurgos.com\/dvwps\/wp-content\/uploads\/2016\/03\/Marzas2-300x252.jpg 300w, https:\/\/diariodevurgos.com\/dvwps\/wp-content\/uploads\/2016\/03\/Marzas2-100x84.jpg 100w, https:\/\/diariodevurgos.com\/dvwps\/wp-content\/uploads\/2016\/03\/Marzas2-150x126.jpg 150w, https:\/\/diariodevurgos.com\/dvwps\/wp-content\/uploads\/2016\/03\/Marzas2-200x168.jpg 200w, https:\/\/diariodevurgos.com\/dvwps\/wp-content\/uploads\/2016\/03\/Marzas2-450x378.jpg 450w, https:\/\/diariodevurgos.com\/dvwps\/wp-content\/uploads\/2016\/03\/Marzas2-600x504.jpg 600w\" sizes=\"(max-width: 484px) 100vw, 484px\" \/><\/p>\n<p style=\"text-align: center;\">\n<p style=\"text-align: center;\">\n<p>Las marzas son unas coplas (casi siempre sin instrumentos ni baile) que entonaban las cuadrillas de mozos (varones, j\u00f3venes y solteros) durante la noche del \u00faltimo d\u00ed\u00ada de febrero al primer d\u00ed\u00ada de marzo, hacia la media noche para celebrar la llegada de la primavera.<\/p>\n<p>Las marzas de Gamonal, una tradici\u00f3n que se hab\u00ed\u00ada perdido en el barrio debido a la dejadez institucional, han sido recuperadas desde 2014 y el tradicional permiso al alcalde ha sido sustituido por una marza sat\u00ed\u00adrica dedicada a su honor de pol\u00ed\u00adtico responsable de un conflicto vecinal que lleg\u00f3 a convertirse en cuesti\u00f3n de Estado.<\/p>\n<p style=\"text-align: right;\"><img loading=\"lazy\" class=\"aligncenter  wp-image-16006\" src=\"http:\/\/diariodevurgos.com\/dvwps\/wp-content\/uploads\/2016\/03\/Marzas5.jpg\" alt=\"Marzas5\" width=\"487\" height=\"337\" srcset=\"https:\/\/diariodevurgos.com\/dvwps\/wp-content\/uploads\/2016\/03\/Marzas5.jpg 901w, https:\/\/diariodevurgos.com\/dvwps\/wp-content\/uploads\/2016\/03\/Marzas5-300x207.jpg 300w, https:\/\/diariodevurgos.com\/dvwps\/wp-content\/uploads\/2016\/03\/Marzas5-768x531.jpg 768w, https:\/\/diariodevurgos.com\/dvwps\/wp-content\/uploads\/2016\/03\/Marzas5-100x69.jpg 100w, https:\/\/diariodevurgos.com\/dvwps\/wp-content\/uploads\/2016\/03\/Marzas5-150x104.jpg 150w, https:\/\/diariodevurgos.com\/dvwps\/wp-content\/uploads\/2016\/03\/Marzas5-200x138.jpg 200w, https:\/\/diariodevurgos.com\/dvwps\/wp-content\/uploads\/2016\/03\/Marzas5-450x311.jpg 450w, https:\/\/diariodevurgos.com\/dvwps\/wp-content\/uploads\/2016\/03\/Marzas5-600x415.jpg 600w, https:\/\/diariodevurgos.com\/dvwps\/wp-content\/uploads\/2016\/03\/Marzas5-900x622.jpg 900w\" sizes=\"(max-width: 487px) 100vw, 487px\" \/><\/p>\n<p style=\"text-align: center;\">\n<p style=\"text-align: center;\">\n<p style=\"text-align: center;\">\n<p>La tradicional petici\u00f3n de donativo ha sido sustituida por la petici\u00f3n de solidaridad con las personas encausadas que deben a\u00fan enfrentarse a los diversos procesos penales que siguen abiertos.<\/p>\n<p style=\"text-align: center;\"><img loading=\"lazy\" class=\"aligncenter size-full wp-image-16008\" src=\"http:\/\/diariodevurgos.com\/dvwps\/wp-content\/uploads\/2016\/03\/Marzas4.jpg\" alt=\"Marzas4\" width=\"415\" height=\"623\" srcset=\"https:\/\/diariodevurgos.com\/dvwps\/wp-content\/uploads\/2016\/03\/Marzas4.jpg 415w, https:\/\/diariodevurgos.com\/dvwps\/wp-content\/uploads\/2016\/03\/Marzas4-200x300.jpg 200w, https:\/\/diariodevurgos.com\/dvwps\/wp-content\/uploads\/2016\/03\/Marzas4-100x150.jpg 100w, https:\/\/diariodevurgos.com\/dvwps\/wp-content\/uploads\/2016\/03\/Marzas4-150x225.jpg 150w, https:\/\/diariodevurgos.com\/dvwps\/wp-content\/uploads\/2016\/03\/Marzas4-300x450.jpg 300w\" sizes=\"(max-width: 415px) 100vw, 415px\" \/><\/p>\n<p>Una velada con la que Gamonal dio la bienvenida al mes de marzo y sirvi\u00f3 para expresar nuevamente la solidaridad con los encausados. Una singular mezcla que contribuye a que en el mundo globalizado en el que actualmente vivimos, no sepierdan algunas de las tradiciones milenarias de nuestros antepasados.<\/p>\n","protected":false},"excerpt":{"rendered":"<p>Durante la noche de ayer lunes 29 de marzo Gamonal volvi\u00f3 a recuperar el tradicional canto de las marzas, canciones ancestrales con las que antiguamente se celebraba la entrada del mes de marzo, en una iniciativa organizada por la Asamblea de Gamonal y el Centro Social Recuperado. Una tradici\u00f3n que ha sido recuperado por los&#8230;  <a href=\"https:\/\/diariodevurgos.com\/dvwps\/marzas-reivindicativas-en-gamonal.php\" class=\"more-link\" title=\"Read Marzas reivindicativas en Gamonal\">Read more &raquo;<\/a><\/p>\n","protected":false},"author":2,"featured_media":0,"comment_status":"open","ping_status":"closed","sticky":false,"template":"","format":"standard","meta":[],"categories":[75,61,2,64,78,27,49,16],"tags":[],"_links":{"self":[{"href":"https:\/\/diariodevurgos.com\/dvwps\/wp-json\/wp\/v2\/posts\/16003"}],"collection":[{"href":"https:\/\/diariodevurgos.com\/dvwps\/wp-json\/wp\/v2\/posts"}],"about":[{"href":"https:\/\/diariodevurgos.com\/dvwps\/wp-json\/wp\/v2\/types\/post"}],"author":[{"embeddable":true,"href":"https:\/\/diariodevurgos.com\/dvwps\/wp-json\/wp\/v2\/users\/2"}],"replies":[{"embeddable":true,"href":"https:\/\/diariodevurgos.com\/dvwps\/wp-json\/wp\/v2\/comments?post=16003"}],"version-history":[{"count":1,"href":"https:\/\/diariodevurgos.com\/dvwps\/wp-json\/wp\/v2\/posts\/16003\/revisions"}],"predecessor-version":[{"id":16010,"href":"https:\/\/diariodevurgos.com\/dvwps\/wp-json\/wp\/v2\/posts\/16003\/revisions\/16010"}],"wp:attachment":[{"href":"https:\/\/diariodevurgos.com\/dvwps\/wp-json\/wp\/v2\/media?parent=16003"}],"wp:term":[{"taxonomy":"category","embeddable":true,"href":"https:\/\/diariodevurgos.com\/dvwps\/wp-json\/wp\/v2\/categories?post=16003"},{"taxonomy":"post_tag","embeddable":true,"href":"https:\/\/diariodevurgos.com\/dvwps\/wp-json\/wp\/v2\/tags?post=16003"}],"curies":[{"name":"wp","href":"https:\/\/api.w.org\/{rel}","templated":true}]}}