{"id":16020,"date":"2016-03-04T13:16:02","date_gmt":"2016-03-04T12:16:02","guid":{"rendered":"http:\/\/diariodevurgos.com\/dvwps\/?p=16020"},"modified":"2016-03-04T13:16:02","modified_gmt":"2016-03-04T12:16:02","slug":"concentracion-frente-a-las-puertas-del-palacio-del-cordon","status":"publish","type":"post","link":"https:\/\/diariodevurgos.com\/dvwps\/concentracion-frente-a-las-puertas-del-palacio-del-cordon.php","title":{"rendered":"Concentraci\u00f3n frente a las puertas del Palacio del Cord\u00f3n"},"content":{"rendered":"<p class=\"lead\">El <a href=\"http:\/\/csrgamonal.ga\/\">CSR Gamonal <\/a>convoca una concentraci\u00f3n frente a las puertas del Palacio del Cord\u00f3n, sede de la Fundaci\u00f3n Caja de Burgos, para protestar contra la<a href=\"http:\/\/csrgamonal.ga\/2015\/09\/17\/defendamos-el-csr-de-gamonal\/\"> amenaza de desalojo<\/a> que esta fundaci\u00f3n bancaria lleva meses ejerciendo contra el <strong>Centro Social Recuperado<\/strong>. La iniciativa en apoyo al espacio autogestionado de Gamonal se llevar\u00e1 a cabo el <strong>s\u00e1bado 19 de marzo<\/strong> a partir de las<strong> 12.00 horas<\/strong> y durante el desarrollo de la misma est\u00e1 prevista la representaci\u00f3n de peque\u00f1os <strong>sketches teatrales<\/strong> en alusi\u00f3n a la amenaza de desalojo y la participaci\u00f3n estelar del<strong> Coro Subversivo de Gamonal.<\/strong><\/p>\n<p style=\"text-align: center;\"><img loading=\"lazy\" class=\"aligncenter  wp-image-16021\" src=\"http:\/\/diariodevurgos.com\/dvwps\/wp-content\/uploads\/2016\/03\/rodea-2.jpg\" alt=\"rodea 2\" width=\"467\" height=\"660\" srcset=\"https:\/\/diariodevurgos.com\/dvwps\/wp-content\/uploads\/2016\/03\/rodea-2.jpg 3508w, https:\/\/diariodevurgos.com\/dvwps\/wp-content\/uploads\/2016\/03\/rodea-2-212x300.jpg 212w, https:\/\/diariodevurgos.com\/dvwps\/wp-content\/uploads\/2016\/03\/rodea-2-768x1086.jpg 768w, https:\/\/diariodevurgos.com\/dvwps\/wp-content\/uploads\/2016\/03\/rodea-2-724x1024.jpg 724w, https:\/\/diariodevurgos.com\/dvwps\/wp-content\/uploads\/2016\/03\/rodea-2-100x141.jpg 100w, https:\/\/diariodevurgos.com\/dvwps\/wp-content\/uploads\/2016\/03\/rodea-2-150x212.jpg 150w, https:\/\/diariodevurgos.com\/dvwps\/wp-content\/uploads\/2016\/03\/rodea-2-200x283.jpg 200w, https:\/\/diariodevurgos.com\/dvwps\/wp-content\/uploads\/2016\/03\/rodea-2-300x424.jpg 300w, https:\/\/diariodevurgos.com\/dvwps\/wp-content\/uploads\/2016\/03\/rodea-2-450x636.jpg 450w, https:\/\/diariodevurgos.com\/dvwps\/wp-content\/uploads\/2016\/03\/rodea-2-600x849.jpg 600w, https:\/\/diariodevurgos.com\/dvwps\/wp-content\/uploads\/2016\/03\/rodea-2-900x1273.jpg 900w\" sizes=\"(max-width: 467px) 100vw, 467px\" \/><\/p>\n","protected":false},"excerpt":{"rendered":"<p>El CSR Gamonal convoca una concentraci\u00f3n frente a las puertas del Palacio del Cord\u00f3n, sede de la Fundaci\u00f3n Caja de Burgos, para protestar contra la amenaza de desalojo que esta fundaci\u00f3n bancaria lleva meses ejerciendo contra el Centro Social Recuperado. La iniciativa en apoyo al espacio autogestionado de Gamonal se llevar\u00e1 a cabo el s\u00e1bado&#8230;  <a href=\"https:\/\/diariodevurgos.com\/dvwps\/concentracion-frente-a-las-puertas-del-palacio-del-cordon.php\" class=\"more-link\" title=\"Read Concentraci\u00f3n frente a las puertas del Palacio del Cord\u00f3n\">Read more &raquo;<\/a><\/p>\n","protected":false},"author":2,"featured_media":0,"comment_status":"open","ping_status":"closed","sticky":false,"template":"","format":"standard","meta":[],"categories":[2,57,78,49],"tags":[],"_links":{"self":[{"href":"https:\/\/diariodevurgos.com\/dvwps\/wp-json\/wp\/v2\/posts\/16020"}],"collection":[{"href":"https:\/\/diariodevurgos.com\/dvwps\/wp-json\/wp\/v2\/posts"}],"about":[{"href":"https:\/\/diariodevurgos.com\/dvwps\/wp-json\/wp\/v2\/types\/post"}],"author":[{"embeddable":true,"href":"https:\/\/diariodevurgos.com\/dvwps\/wp-json\/wp\/v2\/users\/2"}],"replies":[{"embeddable":true,"href":"https:\/\/diariodevurgos.com\/dvwps\/wp-json\/wp\/v2\/comments?post=16020"}],"version-history":[{"count":1,"href":"https:\/\/diariodevurgos.com\/dvwps\/wp-json\/wp\/v2\/posts\/16020\/revisions"}],"predecessor-version":[{"id":16022,"href":"https:\/\/diariodevurgos.com\/dvwps\/wp-json\/wp\/v2\/posts\/16020\/revisions\/16022"}],"wp:attachment":[{"href":"https:\/\/diariodevurgos.com\/dvwps\/wp-json\/wp\/v2\/media?parent=16020"}],"wp:term":[{"taxonomy":"category","embeddable":true,"href":"https:\/\/diariodevurgos.com\/dvwps\/wp-json\/wp\/v2\/categories?post=16020"},{"taxonomy":"post_tag","embeddable":true,"href":"https:\/\/diariodevurgos.com\/dvwps\/wp-json\/wp\/v2\/tags?post=16020"}],"curies":[{"name":"wp","href":"https:\/\/api.w.org\/{rel}","templated":true}]}}