{"id":16028,"date":"2016-03-05T23:53:20","date_gmt":"2016-03-05T22:53:20","guid":{"rendered":"http:\/\/diariodevurgos.com\/dvwps\/?p=16028"},"modified":"2016-03-06T17:56:58","modified_gmt":"2016-03-06T16:56:58","slug":"charla-coloquio-huerta-ecologica-para-tods","status":"publish","type":"post","link":"https:\/\/diariodevurgos.com\/dvwps\/charla-coloquio-huerta-ecologica-para-tods.php","title":{"rendered":"Charla-coloquio: Huerta ecol\u00f3gica para tod@s"},"content":{"rendered":"<p class=\"lead\">Este <strong>jueves 10 de marzo<\/strong> a las <strong>19:30 horas<\/strong> se impartir\u00e1 una charla sobre <strong>Horticultura Ecol\u00f3gica y alternativa<\/strong> por dos mujeres ribere\u00f1as emprendedoras en el tema. La cita ser\u00e1 en el local de<a href=\"http:\/\/burgos.cnt.es\/aranda\"> CNT <\/a>de la Avda Castilla 12 local 12. Por supuesto con asistencia gratuita.<\/p>\n<p style=\"text-align: center;\"><img loading=\"lazy\" class=\"aligncenter wp-image-16029\" src=\"http:\/\/diariodevurgos.com\/dvwps\/wp-content\/uploads\/2016\/03\/CARTEL-CHARLA-HUERTO.jpg\" alt=\"CARTEL CHARLA HUERTO\" width=\"307\" height=\"434\" srcset=\"https:\/\/diariodevurgos.com\/dvwps\/wp-content\/uploads\/2016\/03\/CARTEL-CHARLA-HUERTO.jpg 3508w, https:\/\/diariodevurgos.com\/dvwps\/wp-content\/uploads\/2016\/03\/CARTEL-CHARLA-HUERTO-212x300.jpg 212w, https:\/\/diariodevurgos.com\/dvwps\/wp-content\/uploads\/2016\/03\/CARTEL-CHARLA-HUERTO-768x1086.jpg 768w, https:\/\/diariodevurgos.com\/dvwps\/wp-content\/uploads\/2016\/03\/CARTEL-CHARLA-HUERTO-724x1024.jpg 724w, https:\/\/diariodevurgos.com\/dvwps\/wp-content\/uploads\/2016\/03\/CARTEL-CHARLA-HUERTO-100x141.jpg 100w, https:\/\/diariodevurgos.com\/dvwps\/wp-content\/uploads\/2016\/03\/CARTEL-CHARLA-HUERTO-150x212.jpg 150w, https:\/\/diariodevurgos.com\/dvwps\/wp-content\/uploads\/2016\/03\/CARTEL-CHARLA-HUERTO-200x283.jpg 200w, https:\/\/diariodevurgos.com\/dvwps\/wp-content\/uploads\/2016\/03\/CARTEL-CHARLA-HUERTO-300x424.jpg 300w, https:\/\/diariodevurgos.com\/dvwps\/wp-content\/uploads\/2016\/03\/CARTEL-CHARLA-HUERTO-450x636.jpg 450w, https:\/\/diariodevurgos.com\/dvwps\/wp-content\/uploads\/2016\/03\/CARTEL-CHARLA-HUERTO-600x849.jpg 600w, https:\/\/diariodevurgos.com\/dvwps\/wp-content\/uploads\/2016\/03\/CARTEL-CHARLA-HUERTO-900x1273.jpg 900w\" sizes=\"(max-width: 307px) 100vw, 307px\" \/><\/p>\n","protected":false},"excerpt":{"rendered":"<p>Este jueves 10 de marzo a las 19:30 horas se impartir\u00e1 una charla sobre Horticultura Ecol\u00f3gica y alternativa por dos mujeres ribere\u00f1as emprendedoras en el tema. La cita ser\u00e1 en el local de CNT de la Avda Castilla 12 local 12. Por supuesto con asistencia gratuita.<\/p>\n","protected":false},"author":2,"featured_media":0,"comment_status":"open","ping_status":"closed","sticky":false,"template":"","format":"standard","meta":[],"categories":[70,57],"tags":[],"_links":{"self":[{"href":"https:\/\/diariodevurgos.com\/dvwps\/wp-json\/wp\/v2\/posts\/16028"}],"collection":[{"href":"https:\/\/diariodevurgos.com\/dvwps\/wp-json\/wp\/v2\/posts"}],"about":[{"href":"https:\/\/diariodevurgos.com\/dvwps\/wp-json\/wp\/v2\/types\/post"}],"author":[{"embeddable":true,"href":"https:\/\/diariodevurgos.com\/dvwps\/wp-json\/wp\/v2\/users\/2"}],"replies":[{"embeddable":true,"href":"https:\/\/diariodevurgos.com\/dvwps\/wp-json\/wp\/v2\/comments?post=16028"}],"version-history":[{"count":2,"href":"https:\/\/diariodevurgos.com\/dvwps\/wp-json\/wp\/v2\/posts\/16028\/revisions"}],"predecessor-version":[{"id":16031,"href":"https:\/\/diariodevurgos.com\/dvwps\/wp-json\/wp\/v2\/posts\/16028\/revisions\/16031"}],"wp:attachment":[{"href":"https:\/\/diariodevurgos.com\/dvwps\/wp-json\/wp\/v2\/media?parent=16028"}],"wp:term":[{"taxonomy":"category","embeddable":true,"href":"https:\/\/diariodevurgos.com\/dvwps\/wp-json\/wp\/v2\/categories?post=16028"},{"taxonomy":"post_tag","embeddable":true,"href":"https:\/\/diariodevurgos.com\/dvwps\/wp-json\/wp\/v2\/tags?post=16028"}],"curies":[{"name":"wp","href":"https:\/\/api.w.org\/{rel}","templated":true}]}}