{"id":16058,"date":"2016-03-14T17:33:02","date_gmt":"2016-03-14T16:33:02","guid":{"rendered":"http:\/\/diariodevurgos.com\/dvwps\/?p=16058"},"modified":"2016-03-14T17:33:02","modified_gmt":"2016-03-14T16:33:02","slug":"la-amenaza-de-desalojo-del-csr-gamonal-no-ha-cesado-concentracion-frente-a-las-puertas-del-palacio-del-cordon","status":"publish","type":"post","link":"https:\/\/diariodevurgos.com\/dvwps\/la-amenaza-de-desalojo-del-csr-gamonal-no-ha-cesado-concentracion-frente-a-las-puertas-del-palacio-del-cordon.php","title":{"rendered":"La amenaza de desalojo del CSR Gamonal no ha cesado. Concentraci\u00f3n frente a las puertas del Palacio del Cord\u00f3n"},"content":{"rendered":"<p class=\"lead\">Desde el oto\u00f1o pasado, el <strong>Centro Social Recuperado Gamonal,<\/strong> espacio situado en el <strong>n\u00famero 3 de la calle Pablo Casals<\/strong> , se encuentra bajo <a href=\"http:\/\/diariodevurgos.com\/dvwps\/por-que-caja-de-burgos-quiere-desalojar-el-csr-gamonal.php\">amenaza de desalojo por parte de Fundaci\u00f3n Caja de Burgos.<\/a> Tas quedar sobrese\u00ed\u00addo el proceso penal por usurpaci\u00f3n, la fundaci\u00f3n bancaria ha puesto en marca un nuevo proceso, esta vez por v\u00ed\u00ada administrativa, con el que pretende cerrar nuevamente el CSR, espacio que el pasado mes de febrero cumpli\u00f3 su <a href=\"http:\/\/diariodevurgos.com\/dvwps\/centro-social-recuperado-gamonal-dos-anos-de-autogestion-y-lucha-social-desde-el-corazon-del-barrio.php\">segundo aniversario <\/a>como proyecto social autogestionado en el barrio de Gamonal.<\/p>\n<p>Tras m\u00e1s de una d\u00e9cada de abandono de lo que un d\u00ed\u00ada fuera el &#8220;Aula de Cultura&#8221;\u009d, edificio cedido por el Ayuntamiento de Burgos a la ya extinta Caja de Ahorros Municipal de Burgos como espacio dotacional, el edificio<a href=\"http:\/\/disopress.com\/gallery.php?mode=archivo&amp;id=MzMzMTMxZTZmMjk3Nw==&amp;page=1\"> fue ocupado durante el transcurso de las luchas vecinales contra la construcci\u00f3n del bulevar en enero de 2014.<\/a><\/p>\n<p style=\"text-align: center;\"><img loading=\"lazy\" class=\"aligncenter  wp-image-16059\" src=\"http:\/\/diariodevurgos.com\/dvwps\/wp-content\/uploads\/2016\/03\/Concentraci\u00f3n-1.jpg\" alt=\"Concentraci\u00f3n 1\" width=\"523\" height=\"393\" srcset=\"https:\/\/diariodevurgos.com\/dvwps\/wp-content\/uploads\/2016\/03\/Concentraci\u00f3n-1.jpg 945w, https:\/\/diariodevurgos.com\/dvwps\/wp-content\/uploads\/2016\/03\/Concentraci\u00f3n-1-300x225.jpg 300w, https:\/\/diariodevurgos.com\/dvwps\/wp-content\/uploads\/2016\/03\/Concentraci\u00f3n-1-768x576.jpg 768w, https:\/\/diariodevurgos.com\/dvwps\/wp-content\/uploads\/2016\/03\/Concentraci\u00f3n-1-100x75.jpg 100w, https:\/\/diariodevurgos.com\/dvwps\/wp-content\/uploads\/2016\/03\/Concentraci\u00f3n-1-150x113.jpg 150w, https:\/\/diariodevurgos.com\/dvwps\/wp-content\/uploads\/2016\/03\/Concentraci\u00f3n-1-200x150.jpg 200w, https:\/\/diariodevurgos.com\/dvwps\/wp-content\/uploads\/2016\/03\/Concentraci\u00f3n-1-450x338.jpg 450w, https:\/\/diariodevurgos.com\/dvwps\/wp-content\/uploads\/2016\/03\/Concentraci\u00f3n-1-600x450.jpg 600w, https:\/\/diariodevurgos.com\/dvwps\/wp-content\/uploads\/2016\/03\/Concentraci\u00f3n-1-900x675.jpg 900w\" sizes=\"(max-width: 523px) 100vw, 523px\" \/><\/p>\n<p style=\"text-align: center;\">Foto cedida por <a href=\"https:\/\/www.youtube.com\/watch?v=FHpjwLySAew\">Burgos-Dijital<\/a><\/p>\n<p>El <strong>CSR de Gamonal<\/strong> ha manifestado p\u00fablicamente su voluntad de permanencia como espacio abierto al barrio a trav\u00e9s de la autogesti\u00f3n. Por ello, desde el Centro Social Recuperado se ha convocado una <strong>concentraci\u00f3n frente a las puertas del Palacio del Cord\u00f3n<\/strong>, sede de la Fundaci\u00f3n Caja de Burgos, para este <strong>s\u00e1bado 19 de marzo<\/strong> a partir de las <strong>12.00 horas<\/strong>. El CSR apuesta por seguir realizando actividades gratuitas<em> por y para el barrio<\/em> y hace un llamamiento en defensa de los espacios autogestionados de Gamonal.<\/p>\n<p style=\"text-align: center;\"><img loading=\"lazy\" class=\"aligncenter  wp-image-16060\" src=\"http:\/\/diariodevurgos.com\/dvwps\/wp-content\/uploads\/2016\/03\/rodea-2-1.jpg\" alt=\"rodea 2\" width=\"525\" height=\"743\" srcset=\"https:\/\/diariodevurgos.com\/dvwps\/wp-content\/uploads\/2016\/03\/rodea-2-1.jpg 3508w, https:\/\/diariodevurgos.com\/dvwps\/wp-content\/uploads\/2016\/03\/rodea-2-1-212x300.jpg 212w, https:\/\/diariodevurgos.com\/dvwps\/wp-content\/uploads\/2016\/03\/rodea-2-1-768x1086.jpg 768w, https:\/\/diariodevurgos.com\/dvwps\/wp-content\/uploads\/2016\/03\/rodea-2-1-724x1024.jpg 724w, https:\/\/diariodevurgos.com\/dvwps\/wp-content\/uploads\/2016\/03\/rodea-2-1-100x141.jpg 100w, https:\/\/diariodevurgos.com\/dvwps\/wp-content\/uploads\/2016\/03\/rodea-2-1-150x212.jpg 150w, https:\/\/diariodevurgos.com\/dvwps\/wp-content\/uploads\/2016\/03\/rodea-2-1-200x283.jpg 200w, https:\/\/diariodevurgos.com\/dvwps\/wp-content\/uploads\/2016\/03\/rodea-2-1-300x424.jpg 300w, https:\/\/diariodevurgos.com\/dvwps\/wp-content\/uploads\/2016\/03\/rodea-2-1-450x636.jpg 450w, https:\/\/diariodevurgos.com\/dvwps\/wp-content\/uploads\/2016\/03\/rodea-2-1-600x849.jpg 600w, https:\/\/diariodevurgos.com\/dvwps\/wp-content\/uploads\/2016\/03\/rodea-2-1-900x1273.jpg 900w\" sizes=\"(max-width: 525px) 100vw, 525px\" \/><\/p>\n","protected":false},"excerpt":{"rendered":"<p>Desde el oto\u00f1o pasado, el Centro Social Recuperado Gamonal, espacio situado en el n\u00famero 3 de la calle Pablo Casals , se encuentra bajo amenaza de desalojo por parte de Fundaci\u00f3n Caja de Burgos. Tas quedar sobrese\u00ed\u00addo el proceso penal por usurpaci\u00f3n, la fundaci\u00f3n bancaria ha puesto en marca un nuevo proceso, esta vez por&#8230;  <a href=\"https:\/\/diariodevurgos.com\/dvwps\/la-amenaza-de-desalojo-del-csr-gamonal-no-ha-cesado-concentracion-frente-a-las-puertas-del-palacio-del-cordon.php\" class=\"more-link\" title=\"Read La amenaza de desalojo del CSR Gamonal no ha cesado. Concentraci\u00f3n frente a las puertas del Palacio del Cord\u00f3n\">Read more &raquo;<\/a><\/p>\n","protected":false},"author":2,"featured_media":0,"comment_status":"open","ping_status":"closed","sticky":false,"template":"","format":"standard","meta":[],"categories":[61,2,57,78,12,27,49],"tags":[],"_links":{"self":[{"href":"https:\/\/diariodevurgos.com\/dvwps\/wp-json\/wp\/v2\/posts\/16058"}],"collection":[{"href":"https:\/\/diariodevurgos.com\/dvwps\/wp-json\/wp\/v2\/posts"}],"about":[{"href":"https:\/\/diariodevurgos.com\/dvwps\/wp-json\/wp\/v2\/types\/post"}],"author":[{"embeddable":true,"href":"https:\/\/diariodevurgos.com\/dvwps\/wp-json\/wp\/v2\/users\/2"}],"replies":[{"embeddable":true,"href":"https:\/\/diariodevurgos.com\/dvwps\/wp-json\/wp\/v2\/comments?post=16058"}],"version-history":[{"count":1,"href":"https:\/\/diariodevurgos.com\/dvwps\/wp-json\/wp\/v2\/posts\/16058\/revisions"}],"predecessor-version":[{"id":16061,"href":"https:\/\/diariodevurgos.com\/dvwps\/wp-json\/wp\/v2\/posts\/16058\/revisions\/16061"}],"wp:attachment":[{"href":"https:\/\/diariodevurgos.com\/dvwps\/wp-json\/wp\/v2\/media?parent=16058"}],"wp:term":[{"taxonomy":"category","embeddable":true,"href":"https:\/\/diariodevurgos.com\/dvwps\/wp-json\/wp\/v2\/categories?post=16058"},{"taxonomy":"post_tag","embeddable":true,"href":"https:\/\/diariodevurgos.com\/dvwps\/wp-json\/wp\/v2\/tags?post=16058"}],"curies":[{"name":"wp","href":"https:\/\/api.w.org\/{rel}","templated":true}]}}