{"id":16063,"date":"2016-03-16T20:34:33","date_gmt":"2016-03-16T19:34:33","guid":{"rendered":"http:\/\/diariodevurgos.com\/dvwps\/?p=16063"},"modified":"2016-03-16T20:34:33","modified_gmt":"2016-03-16T19:34:33","slug":"presentacion-en-burgos-de-la-escuela-autogestionada-arcadia","status":"publish","type":"post","link":"https:\/\/diariodevurgos.com\/dvwps\/presentacion-en-burgos-de-la-escuela-autogestionada-arcadia.php","title":{"rendered":"Presentaci\u00f3n en Burgos de la Escuela Autogestionada Arcadia"},"content":{"rendered":"<p class=\"lead\">El pr\u00f3ximo martes,<strong> 22 de marzo<\/strong>, a las <strong>20:00 horas<\/strong>, tendr\u00e1 lugar en la sede de <strong>CNT Burgos (C\/ Do\u00f1a Berenguela, 3, bajo),<\/strong> la presentaci\u00f3n, por parte del grupo promotor, del <strong>proyecto ARCADIA<\/strong>, centro educativo autogestionario, cooperativo y comunitario de Can Batll\u00f3 (Barcelona), en fase avanzada de creaci\u00f3n. Iniciativa educativa ambiciosa que pretende asentarse al margen de la cultura dominante, potenciando un \u00abentorno escolar no orientado a la producci\u00f3n y al rendimiento\u00bb, en contraposici\u00f3n con el modelo educativo hegem\u00f3nico actual. La escuela estar\u00e1 enfocada a grupos de entre 3 y 16 a\u00f1os, iniciando su andadura de manera progresiva, partiendo del segundo ciclo de infantil, con la apertura de nuevos ciclos en a\u00f1os posteriores.<\/p>\n<p style=\"text-align: center;\"><img loading=\"lazy\" class=\"aligncenter  wp-image-16064\" src=\"http:\/\/diariodevurgos.com\/dvwps\/wp-content\/uploads\/2016\/03\/Presentaci\u00f3n-escuela-autogestionada-ARCADIA.jpg\" alt=\"Presentaci\u00f3n escuela autogestionada ARCADIA\" width=\"422\" height=\"597\" srcset=\"https:\/\/diariodevurgos.com\/dvwps\/wp-content\/uploads\/2016\/03\/Presentaci\u00f3n-escuela-autogestionada-ARCADIA.jpg 842w, https:\/\/diariodevurgos.com\/dvwps\/wp-content\/uploads\/2016\/03\/Presentaci\u00f3n-escuela-autogestionada-ARCADIA-212x300.jpg 212w, https:\/\/diariodevurgos.com\/dvwps\/wp-content\/uploads\/2016\/03\/Presentaci\u00f3n-escuela-autogestionada-ARCADIA-768x1086.jpg 768w, https:\/\/diariodevurgos.com\/dvwps\/wp-content\/uploads\/2016\/03\/Presentaci\u00f3n-escuela-autogestionada-ARCADIA-724x1024.jpg 724w, https:\/\/diariodevurgos.com\/dvwps\/wp-content\/uploads\/2016\/03\/Presentaci\u00f3n-escuela-autogestionada-ARCADIA-100x141.jpg 100w, https:\/\/diariodevurgos.com\/dvwps\/wp-content\/uploads\/2016\/03\/Presentaci\u00f3n-escuela-autogestionada-ARCADIA-150x212.jpg 150w, https:\/\/diariodevurgos.com\/dvwps\/wp-content\/uploads\/2016\/03\/Presentaci\u00f3n-escuela-autogestionada-ARCADIA-200x283.jpg 200w, https:\/\/diariodevurgos.com\/dvwps\/wp-content\/uploads\/2016\/03\/Presentaci\u00f3n-escuela-autogestionada-ARCADIA-300x424.jpg 300w, https:\/\/diariodevurgos.com\/dvwps\/wp-content\/uploads\/2016\/03\/Presentaci\u00f3n-escuela-autogestionada-ARCADIA-450x637.jpg 450w, https:\/\/diariodevurgos.com\/dvwps\/wp-content\/uploads\/2016\/03\/Presentaci\u00f3n-escuela-autogestionada-ARCADIA-600x849.jpg 600w\" sizes=\"(max-width: 422px) 100vw, 422px\" \/><\/p>\n<p style=\"text-align: center;\"><!--more--><\/p>\n<p>Arcadia persigue una educaci\u00f3n que favorezca la fusi\u00f3n del trabajo manual e intelectual: \u00abproceso arm\u00f3nico entre la mano, la cabeza y el coraz\u00f3n\u00bb; fomenta el aprendizaje aut\u00f3nomo, el desarrollo de mentes cr\u00ed\u00adticas y no dogm\u00e1ticas y busca el aprendizaje de la cooperaci\u00f3n. Adem\u00e1s, trata de potenciar la relaci\u00f3n de las ni\u00f1as y ni\u00f1os con el entorno en el que se circunscribe la escuela.<\/p>\n<p>La autogesti\u00f3n ser\u00e1 la se\u00f1a de identidad del centro, de forma que el conjunto de la comunidad- escuela estar\u00e1 implicada en la organizaci\u00f3n, toma de decisiones, gesti\u00f3n econ\u00f3mica y cualquiera otra actividad necesaria para su funcionamiento.<\/p>\n<p>El d\u00ed\u00ada 22 de marzo tendremos la oportunidad de conocer de primera mano este interesante proyecto, las motivaciones que le han impulsado, el importante camino recorrido hasta la fecha y los posibles obst\u00e1culos que queden por salvar.<br \/>\nARCADIA: NI P\u00ed\u0161BLICA, NI PRIVADA, AUTOGESTIONADA<\/p>\n","protected":false},"excerpt":{"rendered":"<p>El pr\u00f3ximo martes, 22 de marzo, a las 20:00 horas, tendr\u00e1 lugar en la sede de CNT Burgos (C\/ Do\u00f1a Berenguela, 3, bajo), la presentaci\u00f3n, por parte del grupo promotor, del proyecto ARCADIA, centro educativo autogestionario, cooperativo y comunitario de Can Batll\u00f3 (Barcelona), en fase avanzada de creaci\u00f3n. Iniciativa educativa ambiciosa que pretende asentarse al&#8230;  <a href=\"https:\/\/diariodevurgos.com\/dvwps\/presentacion-en-burgos-de-la-escuela-autogestionada-arcadia.php\" class=\"more-link\" title=\"Read Presentaci\u00f3n en Burgos de la Escuela Autogestionada Arcadia\">Read more &raquo;<\/a><\/p>\n","protected":false},"author":2,"featured_media":0,"comment_status":"open","ping_status":"closed","sticky":false,"template":"","format":"standard","meta":[],"categories":[61,2,57,28],"tags":[],"_links":{"self":[{"href":"https:\/\/diariodevurgos.com\/dvwps\/wp-json\/wp\/v2\/posts\/16063"}],"collection":[{"href":"https:\/\/diariodevurgos.com\/dvwps\/wp-json\/wp\/v2\/posts"}],"about":[{"href":"https:\/\/diariodevurgos.com\/dvwps\/wp-json\/wp\/v2\/types\/post"}],"author":[{"embeddable":true,"href":"https:\/\/diariodevurgos.com\/dvwps\/wp-json\/wp\/v2\/users\/2"}],"replies":[{"embeddable":true,"href":"https:\/\/diariodevurgos.com\/dvwps\/wp-json\/wp\/v2\/comments?post=16063"}],"version-history":[{"count":1,"href":"https:\/\/diariodevurgos.com\/dvwps\/wp-json\/wp\/v2\/posts\/16063\/revisions"}],"predecessor-version":[{"id":16065,"href":"https:\/\/diariodevurgos.com\/dvwps\/wp-json\/wp\/v2\/posts\/16063\/revisions\/16065"}],"wp:attachment":[{"href":"https:\/\/diariodevurgos.com\/dvwps\/wp-json\/wp\/v2\/media?parent=16063"}],"wp:term":[{"taxonomy":"category","embeddable":true,"href":"https:\/\/diariodevurgos.com\/dvwps\/wp-json\/wp\/v2\/categories?post=16063"},{"taxonomy":"post_tag","embeddable":true,"href":"https:\/\/diariodevurgos.com\/dvwps\/wp-json\/wp\/v2\/tags?post=16063"}],"curies":[{"name":"wp","href":"https:\/\/api.w.org\/{rel}","templated":true}]}}