{"id":16115,"date":"2016-03-28T10:58:39","date_gmt":"2016-03-28T09:58:39","guid":{"rendered":"http:\/\/diariodevurgos.com\/dvwps\/?p=16115"},"modified":"2016-03-28T10:59:37","modified_gmt":"2016-03-28T09:59:37","slug":"concierto-de-la-gran-orquesta-republicana-en-el-centro-social-recuperado-gamonal","status":"publish","type":"post","link":"https:\/\/diariodevurgos.com\/dvwps\/concierto-de-la-gran-orquesta-republicana-en-el-centro-social-recuperado-gamonal.php","title":{"rendered":"Concierto de &#8220;La Gran Orquesta Republicana&#8221;\u009d en el Centro Social Recuperado Gamonal"},"content":{"rendered":"<p class=\"lead\">El<a href=\"http:\/\/csrgamonal.ga\/\"> Centro Social Recuperado Gamonal<\/a> comienza ya a planificar su oferta de actividades para el mes de abril. En su programaci\u00f3n, adem\u00e1s de la actuaci\u00f3n de <a href=\"http:\/\/diariodevurgos.com\/dvwps\/concierto-de-neonymus-en-el-centro-social-recuperado-gamonal.php\">Neonymus el pr\u00f3ximo s\u00e1bado 9 de abril,<\/a> destaca el concierto de la banda ska afincada en Mallorca <a href=\"http:\/\/www.laorquesta.org\/\">La Gran Orquesta Republicana<\/a> que actuar\u00e1 el <strong>lunes 11 de abril<\/strong> a las <strong>20.00 horas<\/strong>, siendo su actuaci\u00f3n en Gamonal una de las citas previstas en su gira a lo largo de la Pen\u00ed\u00adnsula.<\/p>\n<p style=\"text-align: center;\"><img loading=\"lazy\" class=\"aligncenter wp-image-16116\" src=\"http:\/\/diariodevurgos.com\/dvwps\/wp-content\/uploads\/2016\/03\/2c147353b38e9e9444ebdfb5ad56750f-1.jpg\" alt=\"2c147353b38e9e9444ebdfb5ad56750f (1)\" width=\"416\" height=\"589\" srcset=\"https:\/\/diariodevurgos.com\/dvwps\/wp-content\/uploads\/2016\/03\/2c147353b38e9e9444ebdfb5ad56750f-1.jpg 1131w, https:\/\/diariodevurgos.com\/dvwps\/wp-content\/uploads\/2016\/03\/2c147353b38e9e9444ebdfb5ad56750f-1-212x300.jpg 212w, https:\/\/diariodevurgos.com\/dvwps\/wp-content\/uploads\/2016\/03\/2c147353b38e9e9444ebdfb5ad56750f-1-768x1086.jpg 768w, https:\/\/diariodevurgos.com\/dvwps\/wp-content\/uploads\/2016\/03\/2c147353b38e9e9444ebdfb5ad56750f-1-724x1024.jpg 724w, https:\/\/diariodevurgos.com\/dvwps\/wp-content\/uploads\/2016\/03\/2c147353b38e9e9444ebdfb5ad56750f-1-100x141.jpg 100w, https:\/\/diariodevurgos.com\/dvwps\/wp-content\/uploads\/2016\/03\/2c147353b38e9e9444ebdfb5ad56750f-1-150x212.jpg 150w, https:\/\/diariodevurgos.com\/dvwps\/wp-content\/uploads\/2016\/03\/2c147353b38e9e9444ebdfb5ad56750f-1-200x283.jpg 200w, https:\/\/diariodevurgos.com\/dvwps\/wp-content\/uploads\/2016\/03\/2c147353b38e9e9444ebdfb5ad56750f-1-300x424.jpg 300w, https:\/\/diariodevurgos.com\/dvwps\/wp-content\/uploads\/2016\/03\/2c147353b38e9e9444ebdfb5ad56750f-1-450x637.jpg 450w, https:\/\/diariodevurgos.com\/dvwps\/wp-content\/uploads\/2016\/03\/2c147353b38e9e9444ebdfb5ad56750f-1-600x849.jpg 600w, https:\/\/diariodevurgos.com\/dvwps\/wp-content\/uploads\/2016\/03\/2c147353b38e9e9444ebdfb5ad56750f-1-900x1273.jpg 900w\" sizes=\"(max-width: 416px) 100vw, 416px\" \/><\/p>\n","protected":false},"excerpt":{"rendered":"<p>El Centro Social Recuperado Gamonal comienza ya a planificar su oferta de actividades para el mes de abril. En su programaci\u00f3n, adem\u00e1s de la actuaci\u00f3n de Neonymus el pr\u00f3ximo s\u00e1bado 9 de abril, destaca el concierto de la banda ska afincada en Mallorca La Gran Orquesta Republicana que actuar\u00e1 el lunes 11 de abril a&#8230;  <a href=\"https:\/\/diariodevurgos.com\/dvwps\/concierto-de-la-gran-orquesta-republicana-en-el-centro-social-recuperado-gamonal.php\" class=\"more-link\" title=\"Read Concierto de &#8220;La Gran Orquesta Republicana&#8221;\u009d en el Centro Social Recuperado Gamonal\">Read more &raquo;<\/a><\/p>\n","protected":false},"author":2,"featured_media":0,"comment_status":"open","ping_status":"closed","sticky":false,"template":"","format":"standard","meta":[],"categories":[61,2,57,78,27,16],"tags":[],"_links":{"self":[{"href":"https:\/\/diariodevurgos.com\/dvwps\/wp-json\/wp\/v2\/posts\/16115"}],"collection":[{"href":"https:\/\/diariodevurgos.com\/dvwps\/wp-json\/wp\/v2\/posts"}],"about":[{"href":"https:\/\/diariodevurgos.com\/dvwps\/wp-json\/wp\/v2\/types\/post"}],"author":[{"embeddable":true,"href":"https:\/\/diariodevurgos.com\/dvwps\/wp-json\/wp\/v2\/users\/2"}],"replies":[{"embeddable":true,"href":"https:\/\/diariodevurgos.com\/dvwps\/wp-json\/wp\/v2\/comments?post=16115"}],"version-history":[{"count":2,"href":"https:\/\/diariodevurgos.com\/dvwps\/wp-json\/wp\/v2\/posts\/16115\/revisions"}],"predecessor-version":[{"id":16118,"href":"https:\/\/diariodevurgos.com\/dvwps\/wp-json\/wp\/v2\/posts\/16115\/revisions\/16118"}],"wp:attachment":[{"href":"https:\/\/diariodevurgos.com\/dvwps\/wp-json\/wp\/v2\/media?parent=16115"}],"wp:term":[{"taxonomy":"category","embeddable":true,"href":"https:\/\/diariodevurgos.com\/dvwps\/wp-json\/wp\/v2\/categories?post=16115"},{"taxonomy":"post_tag","embeddable":true,"href":"https:\/\/diariodevurgos.com\/dvwps\/wp-json\/wp\/v2\/tags?post=16115"}],"curies":[{"name":"wp","href":"https:\/\/api.w.org\/{rel}","templated":true}]}}