{"id":16143,"date":"2016-04-04T22:12:42","date_gmt":"2016-04-04T21:12:42","guid":{"rendered":"http:\/\/diariodevurgos.com\/dvwps\/?p=16143"},"modified":"2016-04-04T22:12:42","modified_gmt":"2016-04-04T21:12:42","slug":"taller-audiovisual-para-ninos-ninas-y-mayores","status":"publish","type":"post","link":"https:\/\/diariodevurgos.com\/dvwps\/taller-audiovisual-para-ninos-ninas-y-mayores.php","title":{"rendered":"Taller audiovisual para ni\u00f1os, ni\u00f1as y mayores"},"content":{"rendered":"<p class=\"lead\">El <strong>s\u00e1bado 9 de abril<\/strong> tendr\u00e1 lugar un taller audiovisual con el que dar a conocer a ni\u00f1os, ni\u00f1as y mayores algunos elementos b\u00e1sicos de la edici\u00f3n y narrativa audiovisual. El taller, que dar\u00e1 comienzo a partir de las <strong>11.30 hora<\/strong>s, se desarrollar\u00e1 en la<strong> Biblioteca Anarquista La Maldita<\/strong>, cuya direcci\u00f3n sigue siendo<strong> C\/ Las Escuelas N\u00ba8 A Gamonal.<\/strong><\/p>\n<p style=\"text-align: center;\"><img loading=\"lazy\" class=\"aligncenter  wp-image-16144\" src=\"http:\/\/diariodevurgos.com\/dvwps\/wp-content\/uploads\/2016\/04\/Taller-Audiovisual.-ABRIL-2016-1.jpg\" alt=\"Taller Audiovisual. ABRIL 2016 (1)\" width=\"487\" height=\"487\" srcset=\"https:\/\/diariodevurgos.com\/dvwps\/wp-content\/uploads\/2016\/04\/Taller-Audiovisual.-ABRIL-2016-1.jpg 4961w, https:\/\/diariodevurgos.com\/dvwps\/wp-content\/uploads\/2016\/04\/Taller-Audiovisual.-ABRIL-2016-1-150x150.jpg 150w, https:\/\/diariodevurgos.com\/dvwps\/wp-content\/uploads\/2016\/04\/Taller-Audiovisual.-ABRIL-2016-1-300x300.jpg 300w, https:\/\/diariodevurgos.com\/dvwps\/wp-content\/uploads\/2016\/04\/Taller-Audiovisual.-ABRIL-2016-1-768x768.jpg 768w, https:\/\/diariodevurgos.com\/dvwps\/wp-content\/uploads\/2016\/04\/Taller-Audiovisual.-ABRIL-2016-1-1024x1024.jpg 1024w, https:\/\/diariodevurgos.com\/dvwps\/wp-content\/uploads\/2016\/04\/Taller-Audiovisual.-ABRIL-2016-1-100x100.jpg 100w, https:\/\/diariodevurgos.com\/dvwps\/wp-content\/uploads\/2016\/04\/Taller-Audiovisual.-ABRIL-2016-1-200x200.jpg 200w, https:\/\/diariodevurgos.com\/dvwps\/wp-content\/uploads\/2016\/04\/Taller-Audiovisual.-ABRIL-2016-1-450x450.jpg 450w, https:\/\/diariodevurgos.com\/dvwps\/wp-content\/uploads\/2016\/04\/Taller-Audiovisual.-ABRIL-2016-1-600x600.jpg 600w, https:\/\/diariodevurgos.com\/dvwps\/wp-content\/uploads\/2016\/04\/Taller-Audiovisual.-ABRIL-2016-1-900x900.jpg 900w\" sizes=\"(max-width: 487px) 100vw, 487px\" \/><\/p>\n","protected":false},"excerpt":{"rendered":"<p>El s\u00e1bado 9 de abril tendr\u00e1 lugar un taller audiovisual con el que dar a conocer a ni\u00f1os, ni\u00f1as y mayores algunos elementos b\u00e1sicos de la edici\u00f3n y narrativa audiovisual. El taller, que dar\u00e1 comienzo a partir de las 11.30 horas, se desarrollar\u00e1 en la Biblioteca Anarquista La Maldita, cuya direcci\u00f3n sigue siendo C\/ Las&#8230;  <a href=\"https:\/\/diariodevurgos.com\/dvwps\/taller-audiovisual-para-ninos-ninas-y-mayores.php\" class=\"more-link\" title=\"Read Taller audiovisual para ni\u00f1os, ni\u00f1as y mayores\">Read more &raquo;<\/a><\/p>\n","protected":false},"author":2,"featured_media":0,"comment_status":"open","ping_status":"closed","sticky":false,"template":"","format":"standard","meta":[],"categories":[2,62,57,27,47],"tags":[],"_links":{"self":[{"href":"https:\/\/diariodevurgos.com\/dvwps\/wp-json\/wp\/v2\/posts\/16143"}],"collection":[{"href":"https:\/\/diariodevurgos.com\/dvwps\/wp-json\/wp\/v2\/posts"}],"about":[{"href":"https:\/\/diariodevurgos.com\/dvwps\/wp-json\/wp\/v2\/types\/post"}],"author":[{"embeddable":true,"href":"https:\/\/diariodevurgos.com\/dvwps\/wp-json\/wp\/v2\/users\/2"}],"replies":[{"embeddable":true,"href":"https:\/\/diariodevurgos.com\/dvwps\/wp-json\/wp\/v2\/comments?post=16143"}],"version-history":[{"count":2,"href":"https:\/\/diariodevurgos.com\/dvwps\/wp-json\/wp\/v2\/posts\/16143\/revisions"}],"predecessor-version":[{"id":16146,"href":"https:\/\/diariodevurgos.com\/dvwps\/wp-json\/wp\/v2\/posts\/16143\/revisions\/16146"}],"wp:attachment":[{"href":"https:\/\/diariodevurgos.com\/dvwps\/wp-json\/wp\/v2\/media?parent=16143"}],"wp:term":[{"taxonomy":"category","embeddable":true,"href":"https:\/\/diariodevurgos.com\/dvwps\/wp-json\/wp\/v2\/categories?post=16143"},{"taxonomy":"post_tag","embeddable":true,"href":"https:\/\/diariodevurgos.com\/dvwps\/wp-json\/wp\/v2\/tags?post=16143"}],"curies":[{"name":"wp","href":"https:\/\/api.w.org\/{rel}","templated":true}]}}