{"id":16147,"date":"2016-04-04T22:59:30","date_gmt":"2016-04-04T21:59:30","guid":{"rendered":"http:\/\/diariodevurgos.com\/dvwps\/?p=16147"},"modified":"2016-04-04T23:05:42","modified_gmt":"2016-04-04T22:05:42","slug":"ruta-por-villasur-de-herreros-y-el-mundo-de-nuestras-ancestras-en-las-jornadas-campesinado-y-autogestion-rural","status":"publish","type":"post","link":"https:\/\/diariodevurgos.com\/dvwps\/ruta-por-villasur-de-herreros-y-el-mundo-de-nuestras-ancestras-en-las-jornadas-campesinado-y-autogestion-rural.php","title":{"rendered":"Ruta por Villasur de Herreros y &#8220;El mundo de nuestras ancestras&#8221;\u009d en las Jornadas sobre campesinado y autogesti\u00f3n rural"},"content":{"rendered":"<p class=\"lead\">Durante este fin de semana dar\u00e1n comienzo las <a href=\"http:\/\/diariodevurgos.com\/dvwps\/campesinado-y-autogestion-rural-semana-de-luchas-campesinas-en-villasur-de-herreros.php\">Jornadas sobre campesinado y autogesti\u00f3n rural <\/a>que se desarrollar\u00e1n a lo largo de toda la semana en la localidad burgalesa de Villasur de Herreros y que est\u00e1n siendo organizadas por la<strong> cooperativa<\/strong> <strong>La Artesa<\/strong> y <strong>El Puchero de Villasur. <\/strong>El <strong>s\u00e1bado 9 de abril<\/strong> a las 17.00 horas la educadora e investigadora <strong>Prado Esteban<\/strong> impartir\u00e1 la charla <em>El mundo de nuestras ancestras: conocer la historia para conocernos a nosotras mismas<\/em>.<\/p>\n<p style=\"text-align: center;\"><img loading=\"lazy\" class=\"aligncenter wp-image-16149\" src=\"http:\/\/diariodevurgos.com\/dvwps\/wp-content\/uploads\/2016\/04\/78b90ddfc5579d3c8fe79cd01a3d09f3.jpg\" alt=\"78b90ddfc5579d3c8fe79cd01a3d09f3\" width=\"376\" height=\"532\" srcset=\"https:\/\/diariodevurgos.com\/dvwps\/wp-content\/uploads\/2016\/04\/78b90ddfc5579d3c8fe79cd01a3d09f3.jpg 1131w, https:\/\/diariodevurgos.com\/dvwps\/wp-content\/uploads\/2016\/04\/78b90ddfc5579d3c8fe79cd01a3d09f3-212x300.jpg 212w, https:\/\/diariodevurgos.com\/dvwps\/wp-content\/uploads\/2016\/04\/78b90ddfc5579d3c8fe79cd01a3d09f3-768x1086.jpg 768w, https:\/\/diariodevurgos.com\/dvwps\/wp-content\/uploads\/2016\/04\/78b90ddfc5579d3c8fe79cd01a3d09f3-724x1024.jpg 724w, https:\/\/diariodevurgos.com\/dvwps\/wp-content\/uploads\/2016\/04\/78b90ddfc5579d3c8fe79cd01a3d09f3-100x141.jpg 100w, https:\/\/diariodevurgos.com\/dvwps\/wp-content\/uploads\/2016\/04\/78b90ddfc5579d3c8fe79cd01a3d09f3-150x212.jpg 150w, https:\/\/diariodevurgos.com\/dvwps\/wp-content\/uploads\/2016\/04\/78b90ddfc5579d3c8fe79cd01a3d09f3-200x283.jpg 200w, https:\/\/diariodevurgos.com\/dvwps\/wp-content\/uploads\/2016\/04\/78b90ddfc5579d3c8fe79cd01a3d09f3-300x424.jpg 300w, https:\/\/diariodevurgos.com\/dvwps\/wp-content\/uploads\/2016\/04\/78b90ddfc5579d3c8fe79cd01a3d09f3-450x637.jpg 450w, https:\/\/diariodevurgos.com\/dvwps\/wp-content\/uploads\/2016\/04\/78b90ddfc5579d3c8fe79cd01a3d09f3-600x849.jpg 600w, https:\/\/diariodevurgos.com\/dvwps\/wp-content\/uploads\/2016\/04\/78b90ddfc5579d3c8fe79cd01a3d09f3-900x1273.jpg 900w\" sizes=\"(max-width: 376px) 100vw, 376px\" \/><\/p>\n<p>El <strong>domingo 10 de abril<\/strong> se ha programado una <strong>ruta por Villasur<\/strong> con la que se podr\u00e1 conocer los nombres, labores e historia de los parajes de este pueblo. La ruta, que dar\u00e1 comienzo a partir de las <strong>10.30 horas<\/strong> desde la ermita, correr\u00e1 a cargo de <strong>Ricardo Urrez Lafuente<\/strong>, oriundo de Villasur y conocedor del territorio y de los usos de cada lugar.<\/p>\n<p style=\"text-align: center;\"><img loading=\"lazy\" class=\"aligncenter wp-image-16148\" src=\"http:\/\/diariodevurgos.com\/dvwps\/wp-content\/uploads\/2016\/04\/0c7ef785b6eb4f038a735aaccd015ebd.jpg\" alt=\"0c7ef785b6eb4f038a735aaccd015ebd\" width=\"387\" height=\"547\" srcset=\"https:\/\/diariodevurgos.com\/dvwps\/wp-content\/uploads\/2016\/04\/0c7ef785b6eb4f038a735aaccd015ebd.jpg 1131w, https:\/\/diariodevurgos.com\/dvwps\/wp-content\/uploads\/2016\/04\/0c7ef785b6eb4f038a735aaccd015ebd-212x300.jpg 212w, https:\/\/diariodevurgos.com\/dvwps\/wp-content\/uploads\/2016\/04\/0c7ef785b6eb4f038a735aaccd015ebd-768x1086.jpg 768w, https:\/\/diariodevurgos.com\/dvwps\/wp-content\/uploads\/2016\/04\/0c7ef785b6eb4f038a735aaccd015ebd-724x1024.jpg 724w, https:\/\/diariodevurgos.com\/dvwps\/wp-content\/uploads\/2016\/04\/0c7ef785b6eb4f038a735aaccd015ebd-100x141.jpg 100w, https:\/\/diariodevurgos.com\/dvwps\/wp-content\/uploads\/2016\/04\/0c7ef785b6eb4f038a735aaccd015ebd-150x212.jpg 150w, https:\/\/diariodevurgos.com\/dvwps\/wp-content\/uploads\/2016\/04\/0c7ef785b6eb4f038a735aaccd015ebd-200x283.jpg 200w, https:\/\/diariodevurgos.com\/dvwps\/wp-content\/uploads\/2016\/04\/0c7ef785b6eb4f038a735aaccd015ebd-300x424.jpg 300w, https:\/\/diariodevurgos.com\/dvwps\/wp-content\/uploads\/2016\/04\/0c7ef785b6eb4f038a735aaccd015ebd-450x637.jpg 450w, https:\/\/diariodevurgos.com\/dvwps\/wp-content\/uploads\/2016\/04\/0c7ef785b6eb4f038a735aaccd015ebd-600x849.jpg 600w, https:\/\/diariodevurgos.com\/dvwps\/wp-content\/uploads\/2016\/04\/0c7ef785b6eb4f038a735aaccd015ebd-900x1273.jpg 900w\" sizes=\"(max-width: 387px) 100vw, 387px\" \/><\/p>\n<p>&nbsp;<\/p>\n","protected":false},"excerpt":{"rendered":"<p>Durante este fin de semana dar\u00e1n comienzo las Jornadas sobre campesinado y autogesti\u00f3n rural que se desarrollar\u00e1n a lo largo de toda la semana en la localidad burgalesa de Villasur de Herreros y que est\u00e1n siendo organizadas por la cooperativa La Artesa y El Puchero de Villasur. El s\u00e1bado 9 de abril a las 17.00&#8230;  <a href=\"https:\/\/diariodevurgos.com\/dvwps\/ruta-por-villasur-de-herreros-y-el-mundo-de-nuestras-ancestras-en-las-jornadas-campesinado-y-autogestion-rural.php\" class=\"more-link\" title=\"Read Ruta por Villasur de Herreros y &#8220;El mundo de nuestras ancestras&#8221;\u009d en las Jornadas sobre campesinado y autogesti\u00f3n rural\">Read more &raquo;<\/a><\/p>\n","protected":false},"author":2,"featured_media":0,"comment_status":"open","ping_status":"closed","sticky":false,"template":"","format":"standard","meta":[],"categories":[61,2,57,93],"tags":[],"_links":{"self":[{"href":"https:\/\/diariodevurgos.com\/dvwps\/wp-json\/wp\/v2\/posts\/16147"}],"collection":[{"href":"https:\/\/diariodevurgos.com\/dvwps\/wp-json\/wp\/v2\/posts"}],"about":[{"href":"https:\/\/diariodevurgos.com\/dvwps\/wp-json\/wp\/v2\/types\/post"}],"author":[{"embeddable":true,"href":"https:\/\/diariodevurgos.com\/dvwps\/wp-json\/wp\/v2\/users\/2"}],"replies":[{"embeddable":true,"href":"https:\/\/diariodevurgos.com\/dvwps\/wp-json\/wp\/v2\/comments?post=16147"}],"version-history":[{"count":6,"href":"https:\/\/diariodevurgos.com\/dvwps\/wp-json\/wp\/v2\/posts\/16147\/revisions"}],"predecessor-version":[{"id":16155,"href":"https:\/\/diariodevurgos.com\/dvwps\/wp-json\/wp\/v2\/posts\/16147\/revisions\/16155"}],"wp:attachment":[{"href":"https:\/\/diariodevurgos.com\/dvwps\/wp-json\/wp\/v2\/media?parent=16147"}],"wp:term":[{"taxonomy":"category","embeddable":true,"href":"https:\/\/diariodevurgos.com\/dvwps\/wp-json\/wp\/v2\/categories?post=16147"},{"taxonomy":"post_tag","embeddable":true,"href":"https:\/\/diariodevurgos.com\/dvwps\/wp-json\/wp\/v2\/tags?post=16147"}],"curies":[{"name":"wp","href":"https:\/\/api.w.org\/{rel}","templated":true}]}}