{"id":16178,"date":"2016-04-19T00:04:25","date_gmt":"2016-04-18T23:04:25","guid":{"rendered":"http:\/\/diariodevurgos.com\/dvwps\/?p=16178"},"modified":"2016-04-19T00:04:45","modified_gmt":"2016-04-18T23:04:45","slug":"feria-del-libro-en-cnt-de-aranda-de-duero","status":"publish","type":"post","link":"https:\/\/diariodevurgos.com\/dvwps\/feria-del-libro-en-cnt-de-aranda-de-duero.php","title":{"rendered":"Feria del libro en CNT de Aranda de Duero"},"content":{"rendered":"<p class=\"lead\">Con motivo del d\u00ed\u00ada del libro este <strong>s\u00e1bado 23 de Abril de 12,30 a 14,30 y de 18 a 20h, y el domingo 24 de 12,30 a 14,30h<\/strong>, montaremos un puesto a la entrada del sindicato con aut\u00e9nticas gangas literarias. La recaudaci\u00f3n ayudar\u00e1 a financiar las actividades de nuestro <a href=\"http:\/\/burgos.cnt.es\/node\/511\">n\u00facleo sindical.<\/a><\/p>\n<p style=\"text-align: center;\"><img loading=\"lazy\" class=\"aligncenter size-full wp-image-16179\" src=\"http:\/\/diariodevurgos.com\/dvwps\/wp-content\/uploads\/2016\/04\/puesto-libros.jpg\" alt=\"puesto libros\" width=\"226\" height=\"224\" srcset=\"https:\/\/diariodevurgos.com\/dvwps\/wp-content\/uploads\/2016\/04\/puesto-libros.jpg 226w, https:\/\/diariodevurgos.com\/dvwps\/wp-content\/uploads\/2016\/04\/puesto-libros-150x149.jpg 150w, https:\/\/diariodevurgos.com\/dvwps\/wp-content\/uploads\/2016\/04\/puesto-libros-100x99.jpg 100w, https:\/\/diariodevurgos.com\/dvwps\/wp-content\/uploads\/2016\/04\/puesto-libros-200x198.jpg 200w\" sizes=\"(max-width: 226px) 100vw, 226px\" \/><\/p>\n","protected":false},"excerpt":{"rendered":"<p>Con motivo del d\u00ed\u00ada del libro este s\u00e1bado 23 de Abril de 12,30 a 14,30 y de 18 a 20h, y el domingo 24 de 12,30 a 14,30h, montaremos un puesto a la entrada del sindicato con aut\u00e9nticas gangas literarias. La recaudaci\u00f3n ayudar\u00e1 a financiar las actividades de nuestro n\u00facleo sindical.<\/p>\n","protected":false},"author":2,"featured_media":0,"comment_status":"open","ping_status":"closed","sticky":false,"template":"","format":"standard","meta":[],"categories":[70,2,57],"tags":[],"_links":{"self":[{"href":"https:\/\/diariodevurgos.com\/dvwps\/wp-json\/wp\/v2\/posts\/16178"}],"collection":[{"href":"https:\/\/diariodevurgos.com\/dvwps\/wp-json\/wp\/v2\/posts"}],"about":[{"href":"https:\/\/diariodevurgos.com\/dvwps\/wp-json\/wp\/v2\/types\/post"}],"author":[{"embeddable":true,"href":"https:\/\/diariodevurgos.com\/dvwps\/wp-json\/wp\/v2\/users\/2"}],"replies":[{"embeddable":true,"href":"https:\/\/diariodevurgos.com\/dvwps\/wp-json\/wp\/v2\/comments?post=16178"}],"version-history":[{"count":2,"href":"https:\/\/diariodevurgos.com\/dvwps\/wp-json\/wp\/v2\/posts\/16178\/revisions"}],"predecessor-version":[{"id":16181,"href":"https:\/\/diariodevurgos.com\/dvwps\/wp-json\/wp\/v2\/posts\/16178\/revisions\/16181"}],"wp:attachment":[{"href":"https:\/\/diariodevurgos.com\/dvwps\/wp-json\/wp\/v2\/media?parent=16178"}],"wp:term":[{"taxonomy":"category","embeddable":true,"href":"https:\/\/diariodevurgos.com\/dvwps\/wp-json\/wp\/v2\/categories?post=16178"},{"taxonomy":"post_tag","embeddable":true,"href":"https:\/\/diariodevurgos.com\/dvwps\/wp-json\/wp\/v2\/tags?post=16178"}],"curies":[{"name":"wp","href":"https:\/\/api.w.org\/{rel}","templated":true}]}}