{"id":16235,"date":"2016-04-28T00:30:49","date_gmt":"2016-04-27T23:30:49","guid":{"rendered":"http:\/\/diariodevurgos.com\/dvwps\/?p=16235"},"modified":"2016-04-28T23:03:10","modified_gmt":"2016-04-28T22:03:10","slug":"dv-desvela-el-intento-de-captacion-policial-sobre-un-joven-detenido-en-burgos","status":"publish","type":"post","link":"https:\/\/diariodevurgos.com\/dvwps\/dv-desvela-el-intento-de-captacion-policial-sobre-un-joven-detenido-en-burgos.php","title":{"rendered":"DV desvela el intento de captaci\u00f3n policial sobre un joven detenido en Burgos"},"content":{"rendered":"<p class=\"lead\">Hace unos d\u00ed\u00adas nos hicimos eco de como en Barcelona personas vinculadas a la Seguridad del Estado habr\u00ed\u00adan tratado de captar a un militante libertario para que actuara como una suerte de confidente, hechos denunciados p\u00fablicamente a trav\u00e9s de una<a href=\"https:\/\/www.youtube.com\/watch?v=3i7FXBcd_sQ\"> rueda de prensa,<\/a> y aireados por <em><a href=\"https:\/\/directa.cat\/captaras-informacio-de-lentorn-dels-casals-del-poble-sec\">La Directa<\/a><\/em> y <em><a href=\"https:\/\/www.diagonalperiodico.net\/libertades\/30095-no-te-gustaria-se-enteraran-tu-trabajo-lo-del-proceso-no.html\">Diagonal<\/a>.<\/em> Seg\u00fan fuentes a las que ha tenido acceso <strong>DV<\/strong>, una situaci\u00f3n similar habr\u00ed\u00ada tenido lugar en Burgos en<strong> mayo de 2008<\/strong>, cuando desde medios policiales se habr\u00ed\u00ada tratado de captar a una persona detenida en el transcurso de una movilizaci\u00f3n social.<\/p>\n<p style=\"text-align: center;\"><img loading=\"lazy\" class=\"aligncenter wp-image-16243\" src=\"http:\/\/diariodevurgos.com\/dvwps\/wp-content\/uploads\/2016\/04\/comisaria_provincial_burgos_g.jpg\" alt=\"comisaria_provincial_burgos_g\" width=\"429\" height=\"321\" srcset=\"https:\/\/diariodevurgos.com\/dvwps\/wp-content\/uploads\/2016\/04\/comisaria_provincial_burgos_g.jpg 550w, https:\/\/diariodevurgos.com\/dvwps\/wp-content\/uploads\/2016\/04\/comisaria_provincial_burgos_g-300x225.jpg 300w, https:\/\/diariodevurgos.com\/dvwps\/wp-content\/uploads\/2016\/04\/comisaria_provincial_burgos_g-100x75.jpg 100w, https:\/\/diariodevurgos.com\/dvwps\/wp-content\/uploads\/2016\/04\/comisaria_provincial_burgos_g-150x112.jpg 150w, https:\/\/diariodevurgos.com\/dvwps\/wp-content\/uploads\/2016\/04\/comisaria_provincial_burgos_g-200x150.jpg 200w, https:\/\/diariodevurgos.com\/dvwps\/wp-content\/uploads\/2016\/04\/comisaria_provincial_burgos_g-450x337.jpg 450w\" sizes=\"(max-width: 429px) 100vw, 429px\" \/><\/p>\n<p><!--more--><\/p>\n<p>El pasado 20 de abril de 2016 <a href=\"https:\/\/directa.cat\/\"><em>La Directa<\/em><\/a>, medio de informaci\u00f3n afincado en Catalu\u00f1a, desvelaba como el militante anarquista <strong>Quin Gimeno<\/strong>, que fue detenido el pasado 28 de octubre de 2015 por los Mossos de Escuadra en el marco de la denominada<a href=\"http:\/\/diariodevurgos.com\/dvwps\/comunicado-de-las-detenidas-de-la-ultima-fase-de-la-operacion-pandora.php\"> Operaci\u00f3n Pandora<\/a>, habr\u00ed\u00ada sufrido un intento de captaci\u00f3n por parte de personas vinculadas muy probablemente con el Cuerpo de Polic\u00ed\u00ada Nacional. A trav\u00e9s de varias <a href=\"https:\/\/www.youtube.com\/watch?v=-Pn-IMzDMts#t=94\">grabaciones ambientale<\/a>s, el medio de informaci\u00f3n aportaba pruebas de como al joven libertario se le llegaba a ofrecer una &#8220;contraprestaci\u00f3n econ\u00f3mica&#8221;\u009d, que oscilar\u00ed\u00ada entre los<strong> 200 y 250 euros mensuales<\/strong>, y que podr\u00ed\u00ada aumentar seg\u00fan la &#8220;explotaci\u00f3n pr\u00e1ctica y relevancia&#8221;\u009d de la informaci\u00f3n aportada.<\/p>\n<p>En los documentos gr\u00e1fico y<a href=\"https:\/\/www.youtube.com\/watch?v=UX7AySZEiPg\"> audios recogidos <\/a>se observa como dos personas, cuya vinculaci\u00f3n con medios policiales no ha sido hasta el momento desmentida por parte del Ministerio de Interior, ofrecen a Gimeno la primera &#8220;misi\u00f3n&#8221;\u009d: obtener toda la informaci\u00f3n posible sobre la identidad (nombres, apellidos, grado de participaci\u00f3n y compromiso) de las personas que frecuentan el <a href=\"http:\/\/www.labase.info\/presentacio\/\">Ateneo Cooperativo La Base<\/a>, espacio auto-gestionado ubicado en el barrio barcelon\u00e9s de Poble Sec.<\/p>\n<p style=\"text-align: center;\"><img loading=\"lazy\" class=\"aligncenter wp-image-16237\" src=\"http:\/\/diariodevurgos.com\/dvwps\/wp-content\/uploads\/2016\/04\/Intento-de-Captaci\u00f3n-Barcelona.jpg\" alt=\"Intento de Captaci\u00f3n Barcelona\" width=\"510\" height=\"340\" srcset=\"https:\/\/diariodevurgos.com\/dvwps\/wp-content\/uploads\/2016\/04\/Intento-de-Captaci\u00f3n-Barcelona.jpg 750w, https:\/\/diariodevurgos.com\/dvwps\/wp-content\/uploads\/2016\/04\/Intento-de-Captaci\u00f3n-Barcelona-300x200.jpg 300w, https:\/\/diariodevurgos.com\/dvwps\/wp-content\/uploads\/2016\/04\/Intento-de-Captaci\u00f3n-Barcelona-100x67.jpg 100w, https:\/\/diariodevurgos.com\/dvwps\/wp-content\/uploads\/2016\/04\/Intento-de-Captaci\u00f3n-Barcelona-150x100.jpg 150w, https:\/\/diariodevurgos.com\/dvwps\/wp-content\/uploads\/2016\/04\/Intento-de-Captaci\u00f3n-Barcelona-200x133.jpg 200w, https:\/\/diariodevurgos.com\/dvwps\/wp-content\/uploads\/2016\/04\/Intento-de-Captaci\u00f3n-Barcelona-450x300.jpg 450w, https:\/\/diariodevurgos.com\/dvwps\/wp-content\/uploads\/2016\/04\/Intento-de-Captaci\u00f3n-Barcelona-600x400.jpg 600w\" sizes=\"(max-width: 510px) 100vw, 510px\" \/><\/p>\n<p style=\"text-align: center;\"><em>Secuencia fotogr\u00e1fica aportada por<a href=\"https:\/\/directa.cat\/captaras-informacio-de-lentorn-dels-casals-del-poble-sec\"> La Directa<\/a> de la \u00faltima cita entre el activista y los presuntos miembros de la Seguridad del Estado el pasado 11 de abril<\/em><\/p>\n<p>Lo inquietante de estas revelaciones ha llevado a <strong>DV<\/strong> a indagar sobre un oscuro suceso que habr\u00ed\u00ada tenido lugar en Burgos hace algunos a\u00f1os, y que, salvando las distancias, muestra similitudes con los hechos denunciados en d\u00ed\u00adas anteriores.<\/p>\n<p>Seg\u00fan fuentes consultadas por este medio, en mayo de 2008 un joven detenido tras el transcurso de una movilizaci\u00f3n social, pudo ser coaccionado para que &#8220;pasase&#8221;\u009d informaci\u00f3n sobre el movimiento anarquista burgal\u00e9s. Los hechos se remontar\u00ed\u00adan al 23 de mayo de 2008 cuando, tras el<a href=\"http:\/\/diariodevurgos.com\/dvwps\/el-affaire-diario-de-burgos-y-la-asociacion-ilicita.php\"> intento de ocupaci\u00f3n simb\u00f3lica de la antigua sede de Diario de Burgos de la calle San Pedro Carde\u00f1a<\/a>, varias personas fueron detenidas. Tras pasar 48 horas en Comisaria, donde a los arrestados se les neg\u00f3 el derecho a declarar s\u00f3lo ante el juez mediante la amenaza de sumar a las acusaciones de <strong>&#8220;usurpaci\u00f3n&#8221;\u009d,<\/strong> <strong>&#8220;da\u00f1os&#8221;\u009d<\/strong> y <strong>&#8220;lesiones&#8221;\u009d<\/strong> sobre los agentes que intervinieron en su detenci\u00f3n, la de <strong>&#8220;asociaci\u00f3n il\u00ed\u00adcita&#8221;\u009d<\/strong>, fueron puestos en libertad sin pasar antes a disposici\u00f3n judicial.<\/p>\n<p>D\u00ed\u00adas despu\u00e9s, uno de los j\u00f3venes detenidos, de nacionalidad no espa\u00f1ola, y al que en dependencias policiales se hab\u00ed\u00ada insinuado que su detenci\u00f3n podr\u00ed\u00ada complicar su estancia legal en Espa\u00f1a, recibir\u00ed\u00ada una llamada procedente de uno de los agentes que lo interrog\u00f3, probablemente miembro de la <strong>Brigada Provincial de Informaci\u00f3n<\/strong>, quien le conminaba a mantener una cita en una <strong>cafeter\u00ed\u00ada cercana a la Comisaria de Burgos.<\/strong><\/p>\n<p style=\"text-align: center;\"><img loading=\"lazy\" class=\"aligncenter wp-image-16238\" src=\"http:\/\/diariodevurgos.com\/dvwps\/wp-content\/uploads\/2016\/04\/comisaria-cnp-720x540.jpg\" alt=\"comisaria-cnp-720x540\" width=\"541\" height=\"406\" srcset=\"https:\/\/diariodevurgos.com\/dvwps\/wp-content\/uploads\/2016\/04\/comisaria-cnp-720x540.jpg 720w, https:\/\/diariodevurgos.com\/dvwps\/wp-content\/uploads\/2016\/04\/comisaria-cnp-720x540-300x225.jpg 300w, https:\/\/diariodevurgos.com\/dvwps\/wp-content\/uploads\/2016\/04\/comisaria-cnp-720x540-100x75.jpg 100w, https:\/\/diariodevurgos.com\/dvwps\/wp-content\/uploads\/2016\/04\/comisaria-cnp-720x540-150x113.jpg 150w, https:\/\/diariodevurgos.com\/dvwps\/wp-content\/uploads\/2016\/04\/comisaria-cnp-720x540-200x150.jpg 200w, https:\/\/diariodevurgos.com\/dvwps\/wp-content\/uploads\/2016\/04\/comisaria-cnp-720x540-450x338.jpg 450w, https:\/\/diariodevurgos.com\/dvwps\/wp-content\/uploads\/2016\/04\/comisaria-cnp-720x540-600x450.jpg 600w\" sizes=\"(max-width: 541px) 100vw, 541px\" \/><\/p>\n<p>Alarmado ante estos hechos, el joven se habr\u00ed\u00ada puesto en contacto con un amigo al que habr\u00ed\u00ada relatado lo sucedido. Poco despu\u00e9s en su tel\u00e9fono personal recibir\u00ed\u00ada un SMS en el que el agente daba por cancelada la cita. \u00bfCu\u00e1l era la intenci\u00f3n del agente al proponer una cita a un joven sobre el que podr\u00ed\u00ada recaer la grave acusaci\u00f3n de &#8220;asociaci\u00f3n il\u00ed\u00adcita con finalidad de subvertir el orden constitucional&#8221;\u009d?<\/p>\n<p>Tiempo despu\u00e9s, durante la celebraci\u00f3n de la vista oral por la que se juzgaban los hechos que propiciaron su detenci\u00f3n, la acusaci\u00f3n de &#8220;asociaci\u00f3n il\u00ed\u00adcita&#8221;\u009d as\u00ed\u00ad como la de usurpaci\u00f3n, quedaron sobrese\u00ed\u00addas.<\/p>\n<p>Ambos casos, tanto en el intento de captaci\u00f3n de Gimeno en Barcelona, como en el del joven detenido en Burgos en mayo de 2008, presentan<strong> rasgos similares<\/strong> en los que los supuestos agentes habr\u00ed\u00adan hecho uso de una <strong>id\u00e9ntica metodolog\u00ed\u00ada<\/strong>. Se trata de dos personas que se enfrentan a una grave situaci\u00f3n jur\u00ed\u00addica, la de acusaci\u00f3n de pertenencia a una supuesta &#8220;organizaci\u00f3n con fines terroristas&#8221;\u009d en el caso del activista catal\u00e1n, y la de &#8220;asociaci\u00f3n il\u00ed\u00adcita con finalidad de subvertir el orden constitucional&#8221;\u009d en el caso descrito en nuestra ciudad. De esta manera, desde medios policiales se pretend\u00ed\u00ada captar a personas vulnerables empleando el argumento de una supuesta ayuda en sus situaciones procesuales individuales de cara a la celebraci\u00f3n del juicio. Pudiendo influir en el primero de los casos expuestos, no ya sobre el juez, gesti\u00f3n que se descartar\u00ed\u00ada por su grado de dificultad, pero si sobre la fiscal\u00ed\u00ada, ya que, a fin de cuentas, <strong>&#8220;<em>el fiscal es un puto funcionario&#8221;<\/em><\/strong>, seg\u00fan palabras de uno de los supuestos polic\u00ed\u00adas que se entrevistaron con el anarquista catal\u00e1n. En el segundo de los casos que desvelamos a trav\u00e9s de <strong>DV<\/strong>, se a\u00f1ade adem\u00e1s el agravante de que la nacionalidad no espa\u00f1ola del joven detenido en Burgos, y su necesidad de la renovaci\u00f3n peri\u00f3dica de los permisos de residencia, podr\u00ed\u00ada ser utilizada como argumento de <strong>coacci\u00f3n y chantaje.<\/strong><\/p>\n<p>Situaciones como la descrita por<em> La Directa<\/em> en Barcelona, y lo sucedido en Burgos hace ya unos a\u00f1os, ponen de manifiesto como el Estado y sus medios policiales pretenden llevar a cabo su tarea represiva m\u00e1s all\u00e1 del supuesto Estado de Derecho, argumentos respaldados por el propio <a href=\"https:\/\/directa.cat\/policia-assegura-que-esta-indagant-si-qui-apareixen-imatges-son-membres-del-cos\">Jorge Fern\u00e1ndez D\u00ed\u00adaz<\/a>, actual<strong> Ministro del Interior en funciones.<\/strong><\/p>\n<p>Frente a situaciones de este tipo, de las que no est\u00e1 exenta ninguna persona que desarrolle una labor en los movimientos sociales, desde <strong>DV<\/strong> recomendamos <strong>ponerse en contacto con personas de confianza<\/strong> y <strong>denunciar los hechos ante un abogado.<\/strong><\/p>\n","protected":false},"excerpt":{"rendered":"<p>Hace unos d\u00ed\u00adas nos hicimos eco de como en Barcelona personas vinculadas a la Seguridad del Estado habr\u00ed\u00adan tratado de captar a un militante libertario para que actuara como una suerte de confidente, hechos denunciados p\u00fablicamente a trav\u00e9s de una rueda de prensa, y aireados por La Directa y Diagonal. Seg\u00fan fuentes a las que&#8230;  <a href=\"https:\/\/diariodevurgos.com\/dvwps\/dv-desvela-el-intento-de-captacion-policial-sobre-un-joven-detenido-en-burgos.php\" class=\"more-link\" title=\"Read DV desvela el intento de captaci\u00f3n policial sobre un joven detenido en Burgos\">Read more &raquo;<\/a><\/p>\n","protected":false},"author":2,"featured_media":0,"comment_status":"open","ping_status":"closed","sticky":false,"template":"","format":"standard","meta":[],"categories":[2,6,97],"tags":[],"_links":{"self":[{"href":"https:\/\/diariodevurgos.com\/dvwps\/wp-json\/wp\/v2\/posts\/16235"}],"collection":[{"href":"https:\/\/diariodevurgos.com\/dvwps\/wp-json\/wp\/v2\/posts"}],"about":[{"href":"https:\/\/diariodevurgos.com\/dvwps\/wp-json\/wp\/v2\/types\/post"}],"author":[{"embeddable":true,"href":"https:\/\/diariodevurgos.com\/dvwps\/wp-json\/wp\/v2\/users\/2"}],"replies":[{"embeddable":true,"href":"https:\/\/diariodevurgos.com\/dvwps\/wp-json\/wp\/v2\/comments?post=16235"}],"version-history":[{"count":8,"href":"https:\/\/diariodevurgos.com\/dvwps\/wp-json\/wp\/v2\/posts\/16235\/revisions"}],"predecessor-version":[{"id":16247,"href":"https:\/\/diariodevurgos.com\/dvwps\/wp-json\/wp\/v2\/posts\/16235\/revisions\/16247"}],"wp:attachment":[{"href":"https:\/\/diariodevurgos.com\/dvwps\/wp-json\/wp\/v2\/media?parent=16235"}],"wp:term":[{"taxonomy":"category","embeddable":true,"href":"https:\/\/diariodevurgos.com\/dvwps\/wp-json\/wp\/v2\/categories?post=16235"},{"taxonomy":"post_tag","embeddable":true,"href":"https:\/\/diariodevurgos.com\/dvwps\/wp-json\/wp\/v2\/tags?post=16235"}],"curies":[{"name":"wp","href":"https:\/\/api.w.org\/{rel}","templated":true}]}}