{"id":16252,"date":"2016-05-02T10:19:26","date_gmt":"2016-05-02T09:19:26","guid":{"rendered":"http:\/\/diariodevurgos.com\/dvwps\/?p=16252"},"modified":"2016-05-02T21:25:29","modified_gmt":"2016-05-02T20:25:29","slug":"charla-debate-sobre-el-fracking","status":"publish","type":"post","link":"https:\/\/diariodevurgos.com\/dvwps\/charla-debate-sobre-el-fracking.php","title":{"rendered":"Charla-debate sobre el fracking en el CSR Gamonal"},"content":{"rendered":"<p class=\"lead\">Este <strong>viernes, 6 de mayo, tendr\u00e1 lugar una charla con posterior debate entorno al fracking<\/strong> en Burgos, dara comienzo <strong>a las 19:30 en el CSR de Gamonal (C\/Pablo Casals)<\/strong>. Desde la asamblea contra la fractura hidr\u00e1ulica en Burgos nos invitan a participar en esta charla para conocer de primera mano el estado de los permisos, y los \u00faltimos acontecimientos entorno a la fracturaci\u00f3n hidr\u00e1ulica .<\/p>\n<img loading=\"lazy\" class=\" wp-image-16253 aligncenter\" src=\"http:\/\/diariodevurgos.com\/dvwps\/wp-content\/uploads\/2016\/04\/charla-6-mayo-csr-225x300.jpg\" alt=\"charla 6 mayo csr\" width=\"346\" height=\"461\" srcset=\"https:\/\/diariodevurgos.com\/dvwps\/wp-content\/uploads\/2016\/04\/charla-6-mayo-csr-225x300.jpg 225w, https:\/\/diariodevurgos.com\/dvwps\/wp-content\/uploads\/2016\/04\/charla-6-mayo-csr-100x133.jpg 100w, https:\/\/diariodevurgos.com\/dvwps\/wp-content\/uploads\/2016\/04\/charla-6-mayo-csr-150x200.jpg 150w, https:\/\/diariodevurgos.com\/dvwps\/wp-content\/uploads\/2016\/04\/charla-6-mayo-csr-200x267.jpg 200w, https:\/\/diariodevurgos.com\/dvwps\/wp-content\/uploads\/2016\/04\/charla-6-mayo-csr-300x400.jpg 300w, https:\/\/diariodevurgos.com\/dvwps\/wp-content\/uploads\/2016\/04\/charla-6-mayo-csr-450x600.jpg 450w, https:\/\/diariodevurgos.com\/dvwps\/wp-content\/uploads\/2016\/04\/charla-6-mayo-csr.jpg 480w\" sizes=\"(max-width: 346px) 100vw, 346px\" \/>\n","protected":false},"excerpt":{"rendered":"<p>Este viernes, 6 de mayo, tendr\u00e1 lugar una charla con posterior debate entorno al fracking en Burgos, dara comienzo a las 19:30 en el CSR de Gamonal (C\/Pablo Casals). Desde la asamblea contra la fractura hidr\u00e1ulica en Burgos nos invitan a participar en esta charla para conocer de primera mano el estado de los permisos,&#8230;  <a href=\"https:\/\/diariodevurgos.com\/dvwps\/charla-debate-sobre-el-fracking.php\" class=\"more-link\" title=\"Read Charla-debate sobre el fracking en el CSR Gamonal\">Read more &raquo;<\/a><\/p>\n","protected":false},"author":8,"featured_media":0,"comment_status":"open","ping_status":"closed","sticky":false,"template":"","format":"standard","meta":[],"categories":[2,57,78,54],"tags":[],"_links":{"self":[{"href":"https:\/\/diariodevurgos.com\/dvwps\/wp-json\/wp\/v2\/posts\/16252"}],"collection":[{"href":"https:\/\/diariodevurgos.com\/dvwps\/wp-json\/wp\/v2\/posts"}],"about":[{"href":"https:\/\/diariodevurgos.com\/dvwps\/wp-json\/wp\/v2\/types\/post"}],"author":[{"embeddable":true,"href":"https:\/\/diariodevurgos.com\/dvwps\/wp-json\/wp\/v2\/users\/8"}],"replies":[{"embeddable":true,"href":"https:\/\/diariodevurgos.com\/dvwps\/wp-json\/wp\/v2\/comments?post=16252"}],"version-history":[{"count":3,"href":"https:\/\/diariodevurgos.com\/dvwps\/wp-json\/wp\/v2\/posts\/16252\/revisions"}],"predecessor-version":[{"id":16258,"href":"https:\/\/diariodevurgos.com\/dvwps\/wp-json\/wp\/v2\/posts\/16252\/revisions\/16258"}],"wp:attachment":[{"href":"https:\/\/diariodevurgos.com\/dvwps\/wp-json\/wp\/v2\/media?parent=16252"}],"wp:term":[{"taxonomy":"category","embeddable":true,"href":"https:\/\/diariodevurgos.com\/dvwps\/wp-json\/wp\/v2\/categories?post=16252"},{"taxonomy":"post_tag","embeddable":true,"href":"https:\/\/diariodevurgos.com\/dvwps\/wp-json\/wp\/v2\/tags?post=16252"}],"curies":[{"name":"wp","href":"https:\/\/api.w.org\/{rel}","templated":true}]}}