{"id":16325,"date":"2016-05-13T23:49:04","date_gmt":"2016-05-13T22:49:04","guid":{"rendered":"http:\/\/diariodevurgos.com\/dvwps\/?p=16325"},"modified":"2016-05-13T23:52:04","modified_gmt":"2016-05-13T22:52:04","slug":"aniversario-de-la-anexion-forzosa-y-jornada-solidaria-con-los-encausados-en-el-centro-social-recuperado-de-gamonal","status":"publish","type":"post","link":"https:\/\/diariodevurgos.com\/dvwps\/aniversario-de-la-anexion-forzosa-y-jornada-solidaria-con-los-encausados-en-el-centro-social-recuperado-de-gamonal.php","title":{"rendered":"Aniversario de la anexi\u00f3n forzosa y jornada solidaria con los encausados en el Centro Social Recuperado de Gamonal"},"content":{"rendered":"<p class=\"lead\">El<a href=\"http:\/\/csrgamonal.ga\/2016\/05\/13\/jornada-de-solidaridad-con-los-encausados\/\"> Centro Social Recuperado de Gamonal <\/a>y la<a href=\"https:\/\/gamonalniunpasoatras.wordpress.com\/2016\/05\/12\/felizjueves-21-m-aniversario-de-la-anexion-forzosa-de-gamonal-a-burgos-y-jornada-solidaria-con-encausadas\/\"> Asamblea de Gamonal<\/a> organizan de forma conjunta para el pr\u00f3ximo s\u00e1bado <strong>21 de mayo de 2016<\/strong> una jornada en solidaridad con los encausados por la lucha vecinal contra la reforma de la Plaza de Toros.<\/p>\n<p>En la jornada solidaria, en cuya programaci\u00f3n destacan varias actividades destinadas a recaudar fondos en apoyo a los encausados, como una comida popular y un concierto de rock, tendr\u00e1n tambi\u00e9n cabida otras iniciativas culturales como la presentaci\u00f3n del documental <strong>&#8220;Dos pueblos, un barrio&#8221;\u009d,<\/strong> realizado por el Ateneo Popular &#8220;Los Otros&#8221;\u009d en el Gamonal de los a\u00f1os 80. La tarde proseguir\u00e1 a continuaci\u00f3n con la charla-debate <em><strong>Gamonal, de las eras a las f\u00e1bricas,<\/strong><\/em> donde se reflexionar\u00e1 sobre las principales transformaciones sociales y urban\u00ed\u00adsticas vividas en Gamonal en el momento de su transici\u00f3n de pueblo a barrio.<\/p>\n<p>La fecha elegida no puede ser menos significativa, el <strong>21 de mayo de 1954<\/strong> <strong>se puso la primera piedra para la anexi\u00f3n forzosa,<\/strong> y no poco torticera, por la que <a href=\"https:\/\/es.wikipedia.org\/wiki\/Gamonal_(Burgos)\">Gamonal <\/a>perdi\u00f3 su car\u00e1cter de municipio para convertirse en un barrio de Burgos a partir de enero de 1955.<\/p>\n<p style=\"text-align: center;\"><img loading=\"lazy\" class=\"aligncenter wp-image-16326\" src=\"http:\/\/diariodevurgos.com\/dvwps\/wp-content\/uploads\/2016\/05\/jornada-solidaria.jpg\" alt=\"jornada solidaria\" width=\"529\" height=\"748\" srcset=\"https:\/\/diariodevurgos.com\/dvwps\/wp-content\/uploads\/2016\/05\/jornada-solidaria.jpg 3508w, https:\/\/diariodevurgos.com\/dvwps\/wp-content\/uploads\/2016\/05\/jornada-solidaria-212x300.jpg 212w, https:\/\/diariodevurgos.com\/dvwps\/wp-content\/uploads\/2016\/05\/jornada-solidaria-768x1086.jpg 768w, https:\/\/diariodevurgos.com\/dvwps\/wp-content\/uploads\/2016\/05\/jornada-solidaria-724x1024.jpg 724w, https:\/\/diariodevurgos.com\/dvwps\/wp-content\/uploads\/2016\/05\/jornada-solidaria-100x141.jpg 100w, https:\/\/diariodevurgos.com\/dvwps\/wp-content\/uploads\/2016\/05\/jornada-solidaria-150x212.jpg 150w, https:\/\/diariodevurgos.com\/dvwps\/wp-content\/uploads\/2016\/05\/jornada-solidaria-200x283.jpg 200w, https:\/\/diariodevurgos.com\/dvwps\/wp-content\/uploads\/2016\/05\/jornada-solidaria-300x424.jpg 300w, https:\/\/diariodevurgos.com\/dvwps\/wp-content\/uploads\/2016\/05\/jornada-solidaria-450x636.jpg 450w, https:\/\/diariodevurgos.com\/dvwps\/wp-content\/uploads\/2016\/05\/jornada-solidaria-600x849.jpg 600w, https:\/\/diariodevurgos.com\/dvwps\/wp-content\/uploads\/2016\/05\/jornada-solidaria-900x1273.jpg 900w\" sizes=\"(max-width: 529px) 100vw, 529px\" \/><\/p>\n<p style=\"text-align: center;\">\n","protected":false},"excerpt":{"rendered":"<p>El Centro Social Recuperado de Gamonal y la Asamblea de Gamonal organizan de forma conjunta para el pr\u00f3ximo s\u00e1bado 21 de mayo de 2016 una jornada en solidaridad con los encausados por la lucha vecinal contra la reforma de la Plaza de Toros. En la jornada solidaria, en cuya programaci\u00f3n destacan varias actividades destinadas a&#8230;  <a href=\"https:\/\/diariodevurgos.com\/dvwps\/aniversario-de-la-anexion-forzosa-y-jornada-solidaria-con-los-encausados-en-el-centro-social-recuperado-de-gamonal.php\" class=\"more-link\" title=\"Read Aniversario de la anexi\u00f3n forzosa y jornada solidaria con los encausados en el Centro Social Recuperado de Gamonal\">Read more &raquo;<\/a><\/p>\n","protected":false},"author":2,"featured_media":0,"comment_status":"open","ping_status":"closed","sticky":false,"template":"","format":"standard","meta":[],"categories":[75,61,2,57,78],"tags":[],"_links":{"self":[{"href":"https:\/\/diariodevurgos.com\/dvwps\/wp-json\/wp\/v2\/posts\/16325"}],"collection":[{"href":"https:\/\/diariodevurgos.com\/dvwps\/wp-json\/wp\/v2\/posts"}],"about":[{"href":"https:\/\/diariodevurgos.com\/dvwps\/wp-json\/wp\/v2\/types\/post"}],"author":[{"embeddable":true,"href":"https:\/\/diariodevurgos.com\/dvwps\/wp-json\/wp\/v2\/users\/2"}],"replies":[{"embeddable":true,"href":"https:\/\/diariodevurgos.com\/dvwps\/wp-json\/wp\/v2\/comments?post=16325"}],"version-history":[{"count":4,"href":"https:\/\/diariodevurgos.com\/dvwps\/wp-json\/wp\/v2\/posts\/16325\/revisions"}],"predecessor-version":[{"id":16331,"href":"https:\/\/diariodevurgos.com\/dvwps\/wp-json\/wp\/v2\/posts\/16325\/revisions\/16331"}],"wp:attachment":[{"href":"https:\/\/diariodevurgos.com\/dvwps\/wp-json\/wp\/v2\/media?parent=16325"}],"wp:term":[{"taxonomy":"category","embeddable":true,"href":"https:\/\/diariodevurgos.com\/dvwps\/wp-json\/wp\/v2\/categories?post=16325"},{"taxonomy":"post_tag","embeddable":true,"href":"https:\/\/diariodevurgos.com\/dvwps\/wp-json\/wp\/v2\/tags?post=16325"}],"curies":[{"name":"wp","href":"https:\/\/api.w.org\/{rel}","templated":true}]}}