{"id":16332,"date":"2016-05-16T17:54:38","date_gmt":"2016-05-16T16:54:38","guid":{"rendered":"http:\/\/diariodevurgos.com\/dvwps\/?p=16332"},"modified":"2016-05-16T17:54:38","modified_gmt":"2016-05-16T16:54:38","slug":"proyeccion-debate-el-interregno","status":"publish","type":"post","link":"https:\/\/diariodevurgos.com\/dvwps\/proyeccion-debate-el-interregno.php","title":{"rendered":"Proyecci\u00f3n-debate: El Interregno"},"content":{"rendered":"<p class=\"lead\">Hace 15 a\u00f1os 1818 trabajadores de toda Espa\u00f1a deciden acampar en el centro de Madrid, en La Castellana, all\u00ed\u00ad estuvieron 187 d\u00ed\u00adas hasta llegar a un acuerdo con el Gobierno. Video realizado por Francisco J. Gonz\u00e1lez con la colaboraci\u00f3n como guionista de Vicente Prieto y la inestimable orientaci\u00f3n de los realizadores de NOSOTROS, Adolfo Dufour, Pablo Minguez y Fernando Guerra.<\/p>\n<p style=\"text-align: center;\"><img loading=\"lazy\" class=\"aligncenter  wp-image-16333\" src=\"http:\/\/diariodevurgos.com\/dvwps\/wp-content\/uploads\/2016\/05\/db5f1051c8e37be229b54219d5906d53.jpg\" alt=\"db5f1051c8e37be229b54219d5906d53\" width=\"377\" height=\"533\" srcset=\"https:\/\/diariodevurgos.com\/dvwps\/wp-content\/uploads\/2016\/05\/db5f1051c8e37be229b54219d5906d53.jpg 842w, https:\/\/diariodevurgos.com\/dvwps\/wp-content\/uploads\/2016\/05\/db5f1051c8e37be229b54219d5906d53-212x300.jpg 212w, https:\/\/diariodevurgos.com\/dvwps\/wp-content\/uploads\/2016\/05\/db5f1051c8e37be229b54219d5906d53-768x1086.jpg 768w, https:\/\/diariodevurgos.com\/dvwps\/wp-content\/uploads\/2016\/05\/db5f1051c8e37be229b54219d5906d53-724x1024.jpg 724w, https:\/\/diariodevurgos.com\/dvwps\/wp-content\/uploads\/2016\/05\/db5f1051c8e37be229b54219d5906d53-100x141.jpg 100w, https:\/\/diariodevurgos.com\/dvwps\/wp-content\/uploads\/2016\/05\/db5f1051c8e37be229b54219d5906d53-150x212.jpg 150w, https:\/\/diariodevurgos.com\/dvwps\/wp-content\/uploads\/2016\/05\/db5f1051c8e37be229b54219d5906d53-200x283.jpg 200w, https:\/\/diariodevurgos.com\/dvwps\/wp-content\/uploads\/2016\/05\/db5f1051c8e37be229b54219d5906d53-300x424.jpg 300w, https:\/\/diariodevurgos.com\/dvwps\/wp-content\/uploads\/2016\/05\/db5f1051c8e37be229b54219d5906d53-450x637.jpg 450w, https:\/\/diariodevurgos.com\/dvwps\/wp-content\/uploads\/2016\/05\/db5f1051c8e37be229b54219d5906d53-600x849.jpg 600w\" sizes=\"(max-width: 377px) 100vw, 377px\" \/><\/p>\n<p>La m\u00e1s veraz historia de la trama de Sintel, desde el principio hasta la actualidad, en una sucesi\u00f3n cronol\u00f3gica de acontecimientos respaldada por la muy extensa hemeroteca existente. Es el resultado de a\u00f1os de trabajo recopilando y digitalizando informaci\u00f3n. La pel\u00ed\u00adcula solo pretende plasmar en un documento, de la forma m\u00e1s completa posible, la verdad desde el punto de vista de los afectados, los trabajadores de Sintel.<\/p>\n","protected":false},"excerpt":{"rendered":"<p>Hace 15 a\u00f1os 1818 trabajadores de toda Espa\u00f1a deciden acampar en el centro de Madrid, en La Castellana, all\u00ed\u00ad estuvieron 187 d\u00ed\u00adas hasta llegar a un acuerdo con el Gobierno. Video realizado por Francisco J. Gonz\u00e1lez con la colaboraci\u00f3n como guionista de Vicente Prieto y la inestimable orientaci\u00f3n de los realizadores de NOSOTROS, Adolfo Dufour,&#8230;  <a href=\"https:\/\/diariodevurgos.com\/dvwps\/proyeccion-debate-el-interregno.php\" class=\"more-link\" title=\"Read Proyecci\u00f3n-debate: El Interregno\">Read more &raquo;<\/a><\/p>\n","protected":false},"author":2,"featured_media":0,"comment_status":"open","ping_status":"closed","sticky":false,"template":"","format":"standard","meta":[],"categories":[2,62,57],"tags":[],"_links":{"self":[{"href":"https:\/\/diariodevurgos.com\/dvwps\/wp-json\/wp\/v2\/posts\/16332"}],"collection":[{"href":"https:\/\/diariodevurgos.com\/dvwps\/wp-json\/wp\/v2\/posts"}],"about":[{"href":"https:\/\/diariodevurgos.com\/dvwps\/wp-json\/wp\/v2\/types\/post"}],"author":[{"embeddable":true,"href":"https:\/\/diariodevurgos.com\/dvwps\/wp-json\/wp\/v2\/users\/2"}],"replies":[{"embeddable":true,"href":"https:\/\/diariodevurgos.com\/dvwps\/wp-json\/wp\/v2\/comments?post=16332"}],"version-history":[{"count":1,"href":"https:\/\/diariodevurgos.com\/dvwps\/wp-json\/wp\/v2\/posts\/16332\/revisions"}],"predecessor-version":[{"id":16334,"href":"https:\/\/diariodevurgos.com\/dvwps\/wp-json\/wp\/v2\/posts\/16332\/revisions\/16334"}],"wp:attachment":[{"href":"https:\/\/diariodevurgos.com\/dvwps\/wp-json\/wp\/v2\/media?parent=16332"}],"wp:term":[{"taxonomy":"category","embeddable":true,"href":"https:\/\/diariodevurgos.com\/dvwps\/wp-json\/wp\/v2\/categories?post=16332"},{"taxonomy":"post_tag","embeddable":true,"href":"https:\/\/diariodevurgos.com\/dvwps\/wp-json\/wp\/v2\/tags?post=16332"}],"curies":[{"name":"wp","href":"https:\/\/api.w.org\/{rel}","templated":true}]}}