{"id":16380,"date":"2016-05-23T08:30:36","date_gmt":"2016-05-23T07:30:36","guid":{"rendered":"http:\/\/diariodevurgos.com\/dvwps\/?p=16380"},"modified":"2016-05-22T18:51:57","modified_gmt":"2016-05-22T17:51:57","slug":"rap-por-el-sahara-en-el-centro-social-recuperado-de-gamonal","status":"publish","type":"post","link":"https:\/\/diariodevurgos.com\/dvwps\/rap-por-el-sahara-en-el-centro-social-recuperado-de-gamonal.php","title":{"rendered":"Rap por el S\u00e1hara en el Centro Social Recuperado de Gamonal"},"content":{"rendered":"<p class=\"lead\">El <a href=\"http:\/\/csrgamonal.ga\/\">Centro Social Recuperado de Gamonal <\/a>organiza una jornada de rap por el S\u00e1hara el pr\u00f3ximo <strong>s\u00e1bado 28 de mayo<\/strong> a partir de las<strong> 18.00 horas<\/strong> en la que estar\u00e1n presentes varios grupos de rap y habr\u00e1 la posibilidad de micro libre.<\/p>\n<p style=\"text-align: center;\"><img loading=\"lazy\" class=\"aligncenter wp-image-16381\" src=\"http:\/\/diariodevurgos.com\/dvwps\/wp-content\/uploads\/2016\/05\/IMG_0474.jpg\" alt=\"IMG_0474\" width=\"502\" height=\"336\" srcset=\"https:\/\/diariodevurgos.com\/dvwps\/wp-content\/uploads\/2016\/05\/IMG_0474.jpg 600w, https:\/\/diariodevurgos.com\/dvwps\/wp-content\/uploads\/2016\/05\/IMG_0474-300x201.jpg 300w, https:\/\/diariodevurgos.com\/dvwps\/wp-content\/uploads\/2016\/05\/IMG_0474-100x67.jpg 100w, https:\/\/diariodevurgos.com\/dvwps\/wp-content\/uploads\/2016\/05\/IMG_0474-150x101.jpg 150w, https:\/\/diariodevurgos.com\/dvwps\/wp-content\/uploads\/2016\/05\/IMG_0474-200x134.jpg 200w, https:\/\/diariodevurgos.com\/dvwps\/wp-content\/uploads\/2016\/05\/IMG_0474-450x302.jpg 450w\" sizes=\"(max-width: 502px) 100vw, 502px\" \/><\/p>\n<p>Despu\u00e9s de m\u00e1s de cuatro d\u00e9cadas, el <a href=\"https:\/\/www.youtube.com\/watch?v=fzsGYB4qF6U\">problema del S\u00e1hara Occidental<\/a>, producto del nefasto proceso de descolonizaci\u00f3n del Estado Espa\u00f1ol, contin\u00faa estancado sin atisbo de resoluci\u00f3n. Miles de personas viven desplazadas en campamentos de refugiados en mitad del desierto en un conflicto en el que Marruecos, y tambi\u00e9n Espa\u00f1a, lejos de encontrar una soluci\u00f3n, son parte de un problema que parece prolongarse hasta el infinito.<\/p>\n","protected":false},"excerpt":{"rendered":"<p>El Centro Social Recuperado de Gamonal organiza una jornada de rap por el S\u00e1hara el pr\u00f3ximo s\u00e1bado 28 de mayo a partir de las 18.00 horas en la que estar\u00e1n presentes varios grupos de rap y habr\u00e1 la posibilidad de micro libre. Despu\u00e9s de m\u00e1s de cuatro d\u00e9cadas, el problema del S\u00e1hara Occidental, producto del&#8230;  <a href=\"https:\/\/diariodevurgos.com\/dvwps\/rap-por-el-sahara-en-el-centro-social-recuperado-de-gamonal.php\" class=\"more-link\" title=\"Read Rap por el S\u00e1hara en el Centro Social Recuperado de Gamonal\">Read more &raquo;<\/a><\/p>\n","protected":false},"author":2,"featured_media":0,"comment_status":"open","ping_status":"closed","sticky":false,"template":"","format":"standard","meta":[],"categories":[61,2,57,78,27,24],"tags":[],"_links":{"self":[{"href":"https:\/\/diariodevurgos.com\/dvwps\/wp-json\/wp\/v2\/posts\/16380"}],"collection":[{"href":"https:\/\/diariodevurgos.com\/dvwps\/wp-json\/wp\/v2\/posts"}],"about":[{"href":"https:\/\/diariodevurgos.com\/dvwps\/wp-json\/wp\/v2\/types\/post"}],"author":[{"embeddable":true,"href":"https:\/\/diariodevurgos.com\/dvwps\/wp-json\/wp\/v2\/users\/2"}],"replies":[{"embeddable":true,"href":"https:\/\/diariodevurgos.com\/dvwps\/wp-json\/wp\/v2\/comments?post=16380"}],"version-history":[{"count":2,"href":"https:\/\/diariodevurgos.com\/dvwps\/wp-json\/wp\/v2\/posts\/16380\/revisions"}],"predecessor-version":[{"id":16383,"href":"https:\/\/diariodevurgos.com\/dvwps\/wp-json\/wp\/v2\/posts\/16380\/revisions\/16383"}],"wp:attachment":[{"href":"https:\/\/diariodevurgos.com\/dvwps\/wp-json\/wp\/v2\/media?parent=16380"}],"wp:term":[{"taxonomy":"category","embeddable":true,"href":"https:\/\/diariodevurgos.com\/dvwps\/wp-json\/wp\/v2\/categories?post=16380"},{"taxonomy":"post_tag","embeddable":true,"href":"https:\/\/diariodevurgos.com\/dvwps\/wp-json\/wp\/v2\/tags?post=16380"}],"curies":[{"name":"wp","href":"https:\/\/api.w.org\/{rel}","templated":true}]}}