{"id":16447,"date":"2016-06-04T13:41:45","date_gmt":"2016-06-04T12:41:45","guid":{"rendered":"http:\/\/diariodevurgos.com\/dvwps\/?p=16447"},"modified":"2016-06-04T13:41:45","modified_gmt":"2016-06-04T12:41:45","slug":"yo-fui-presa-de-franco-nuevo-blog-sobre-la-memoria-historica","status":"publish","type":"post","link":"https:\/\/diariodevurgos.com\/dvwps\/yo-fui-presa-de-franco-nuevo-blog-sobre-la-memoria-historica.php","title":{"rendered":"Yo fui presa de Franco. Nuevo blog sobre la Memoria Hist\u00f3rica"},"content":{"rendered":"<p class=\"lead\">Tras la publicaci\u00f3n del libro <a href=\"http:\/\/www.letrasdeautor.com\/yo-fui-presa-de-franco.html\">&#8220;Yo fui presa de Franco&#8221;\u009d<\/a>, realizado por Fernando Cardero junto a su padre, en el que se llev\u00f3 a cabo un exhaustivo trabajo de investigaci\u00f3n en el archivo de la prisi\u00f3n central de Burgos sobre 151 mujeres burgalesas, procedentes tanto de la capital como de las diversas localidades de la provincia, que fueron encarceladas en la prisi\u00f3n de Burgos durante la guerra civil, surge ahora <a href=\"https:\/\/yofuipresadefranco.wordpress.com\/\">el blog que con el mismo nombre<\/a> acerca a los lectores art\u00ed\u00adculos y textos sobre la memoria hist\u00f3rica.<\/p>\n<p style=\"text-align: center;\"><img loading=\"lazy\" class=\"aligncenter  wp-image-16448\" src=\"http:\/\/diariodevurgos.com\/dvwps\/wp-content\/uploads\/2016\/06\/Presas.png\" alt=\"Presas\" width=\"479\" height=\"241\" srcset=\"https:\/\/diariodevurgos.com\/dvwps\/wp-content\/uploads\/2016\/06\/Presas.png 600w, https:\/\/diariodevurgos.com\/dvwps\/wp-content\/uploads\/2016\/06\/Presas-300x151.png 300w, https:\/\/diariodevurgos.com\/dvwps\/wp-content\/uploads\/2016\/06\/Presas-100x50.png 100w, https:\/\/diariodevurgos.com\/dvwps\/wp-content\/uploads\/2016\/06\/Presas-150x76.png 150w, https:\/\/diariodevurgos.com\/dvwps\/wp-content\/uploads\/2016\/06\/Presas-200x101.png 200w, https:\/\/diariodevurgos.com\/dvwps\/wp-content\/uploads\/2016\/06\/Presas-450x227.png 450w\" sizes=\"(max-width: 479px) 100vw, 479px\" \/><\/p>\n<p>Un trabajo que nos acerca a la dura realidad de las mujeres que sufrieron la represi\u00f3n franquista en Burgos y sobre las que recay\u00f3 no s\u00f3lo el estigma de ser desafectas con el nuevo r\u00e9gimen, sino tambi\u00e9n el de ser mujeres.<\/p>\n","protected":false},"excerpt":{"rendered":"<p>Tras la publicaci\u00f3n del libro &#8220;Yo fui presa de Franco&#8221;\u009d, realizado por Fernando Cardero junto a su padre, en el que se llev\u00f3 a cabo un exhaustivo trabajo de investigaci\u00f3n en el archivo de la prisi\u00f3n central de Burgos sobre 151 mujeres burgalesas, procedentes tanto de la capital como de las diversas localidades de la&#8230;  <a href=\"https:\/\/diariodevurgos.com\/dvwps\/yo-fui-presa-de-franco-nuevo-blog-sobre-la-memoria-historica.php\" class=\"more-link\" title=\"Read Yo fui presa de Franco. Nuevo blog sobre la Memoria Hist\u00f3rica\">Read more &raquo;<\/a><\/p>\n","protected":false},"author":2,"featured_media":0,"comment_status":"open","ping_status":"closed","sticky":false,"template":"","format":"standard","meta":[],"categories":[70,2,66,6,97,30,71,76],"tags":[],"_links":{"self":[{"href":"https:\/\/diariodevurgos.com\/dvwps\/wp-json\/wp\/v2\/posts\/16447"}],"collection":[{"href":"https:\/\/diariodevurgos.com\/dvwps\/wp-json\/wp\/v2\/posts"}],"about":[{"href":"https:\/\/diariodevurgos.com\/dvwps\/wp-json\/wp\/v2\/types\/post"}],"author":[{"embeddable":true,"href":"https:\/\/diariodevurgos.com\/dvwps\/wp-json\/wp\/v2\/users\/2"}],"replies":[{"embeddable":true,"href":"https:\/\/diariodevurgos.com\/dvwps\/wp-json\/wp\/v2\/comments?post=16447"}],"version-history":[{"count":1,"href":"https:\/\/diariodevurgos.com\/dvwps\/wp-json\/wp\/v2\/posts\/16447\/revisions"}],"predecessor-version":[{"id":16449,"href":"https:\/\/diariodevurgos.com\/dvwps\/wp-json\/wp\/v2\/posts\/16447\/revisions\/16449"}],"wp:attachment":[{"href":"https:\/\/diariodevurgos.com\/dvwps\/wp-json\/wp\/v2\/media?parent=16447"}],"wp:term":[{"taxonomy":"category","embeddable":true,"href":"https:\/\/diariodevurgos.com\/dvwps\/wp-json\/wp\/v2\/categories?post=16447"},{"taxonomy":"post_tag","embeddable":true,"href":"https:\/\/diariodevurgos.com\/dvwps\/wp-json\/wp\/v2\/tags?post=16447"}],"curies":[{"name":"wp","href":"https:\/\/api.w.org\/{rel}","templated":true}]}}