{"id":1653,"date":"2008-07-06T18:03:14","date_gmt":"2008-07-06T17:03:14","guid":{"rendered":"http:\/\/diariodevurgos.com\/dvwps\/victimismo-rancio.php"},"modified":"2008-07-06T18:49:57","modified_gmt":"2008-07-06T17:49:57","slug":"victimismo-rancio","status":"publish","type":"post","link":"https:\/\/diariodevurgos.com\/dvwps\/victimismo-rancio.php","title":{"rendered":"Victim\u00ed\u00adsmo rancio"},"content":{"rendered":"<p class=\"lead\"><strong>Conmemorativx nos comenta:<\/strong> A \u00ed\u0081lvaro Domingo y su escrito de victim\u00ed\u00adsmo rancio.<\/p>\n<p align=\"center\"><img alt=\"odio\" id=\"image1654\" src=\"http:\/\/diariodevurgos.com\/dvwps\/wp-content\/uploads\/2008\/07\/odio.jpg\" \/><\/p>\n<p><!--more--><br \/>\nHas salido en la <a target=\"_blank\" href=\"http:\/\/www.diariodeburgos.es\/noticia.cfm\/Local\/20080705\/palabras\/luchar\/paz\/EF173A54-1A64-968D-593A6317D3835675\">prensa<\/a> chavalote; Te han dado un premio en Madrid el jueves a la tarde por tu relato, &#8220;Una ciudad sin violencia&#8221;\u009d. Bien . Bravo. Dices que la democracia es un gran valor, y subrayas la superioridad moral de quienes apuestan por la paz y haces un llamamiento a acabar con el temor mediante las armas que proporciona la democracia.\u00bfCuales son para ti esas armas ?  \u00bfson la obediencia a un amo o a un gobierno?  \u00bfes la mayor\u00ed\u00ada absoluta de las masas frente a la minor\u00ed\u00ada m\u00e1s consciente y digna? \u00bfson las c\u00e1rceles y zulos del estado &#8220;mon\u00e1rquico&#8221;\u009d &#8220;\u009drepublicano o democr\u00e1tico&#8221;\u009d? \u00bfes la represi\u00f3n sistem\u00e1tica a todo disconformismo? \u00bfes la crueldad institucionalizada en forma de urna? \u00bfson las pistolas de la seguridad p\u00fablica y los defensores del orden &#8220;democr\u00e1ticos&#8221;\u009d? \u00bfson la adulteraci\u00f3n de los  medios de informaci\u00f3n oficiales, la vigilancia y control esparcidos a lo largo y ancho? \u00bfson las instituciones de adoctrinamiento llamadas escuelas? \u00bfson las cadenas impuestas a los trabajadores y trabajadoras y sus \/ nuestras condiciones de explotaci\u00f3n econ\u00f3mica y pol\u00ed\u00adtica?  \u00bfson  la infamias y negocios sucios de la Iglesia, de los capitalistas y especuladores ussureros?  \u00bfla soma o el pr\u00f3ximo espect\u00e1culo de ocio lucrativo? \u00bf son la contaminaci\u00f3n del medio natural por el beneficio empresarial?  \u00bfes la aberraci\u00f3n de la  tortura animal ?&#8230; \u00bfes este arma alinearse con la social democracia burguesa, la democracia nacional, o la falange,  esa que desea ver masacrados\/as y humillados\/as a los habitantes de otros lugares?<br \/>\nTodo esto se realiza en tu bella democracia, \u00e9sta que con mucho af\u00e1n, pretenden contagiar  y predicar y sancionar las casas consistoriales, los parlamentos, los palacios de gobierno, los ministerios, las bombas de aviaci\u00f3n militar,  de este lugar y cualquier lugar del mundo; Desenga\u00f1ate en ning\u00fan lugar existe ese ideal de estado y menos democr\u00e1tico.<\/p>\n<p>Lo que si existe son las instituciones estatales que bien sirven, por ejemplo, a ese diario de un mercenario que te publica hoy..\u00bf El arma democr\u00e1tico dices? . . . la  violencia escrita como arma contra la libertad,  presumo.<\/p>\n<p>No te extra\u00f1es, amiguito, esas son las &#8220;armas de la democracia&#8221;\u009d realmente. Y esa libertad de expresi\u00f3n que  mencionas es cosa de tu imaginaci\u00f3n. En democracia se usa la libertad a condici\u00f3n de no usarla.<\/p>\n<p>Con 17 a\u00f1os y tu educaci\u00f3n cuasi \u2013 religiosa del Liceo, pupilo, creo que no has visto ni o\u00ed\u00addo mucho, ni todo. Los \u00fanicos que llenan el suelo de sangre, gracias a  su codicia diaria , gracias a lobos que no paran de lucrarse a costa del esfuerzo, la muerte, la inanici\u00f3n y la desesperaci\u00f3n de los y las  de siempre, son\/somos los de la clase a la cual t\u00fa has decidido renunciar; convencido saliste de una conferencia donde trangiversaron la realidad&#8230; y despu\u00e9s escribiste un texto tan rancio como ellos y ellas, que poca verg\u00ed\u00bcenza, que poca imaginaci\u00f3n y que poco esfuerzo les has hechado.  Te deseo suerte en tu carrera de arquitecto a la que aspiras, de veras, con un poco de suerte, dinero y tu ideal democr\u00e1tico lo conseguir\u00e1s;  Pero en cuanto entres en el mercado de trabajo, si,  ese en el que vendemos nuestra fuerza de trabajo por una miseria,  para no morir de hambre, y cuando se agoten tus energ\u00ed\u00adas, cuando se hayan repartido la tarta y para ti solo las migajas, te premiar\u00e1n con una patada en el culo;  si, tu trabajo frente a los capitales de ricxs especuladores, sea aqu\u00ed\u00ad o en Pek\u00ed\u00adn, te dar\u00e1s cuenta qui\u00e9n es verdaderamente el que causa dolor, humilla y engendra odio. &#8211; (suponiendo claro est\u00e1,   que  ya  poseas  grandes capitales familiares  y tu instrucci\u00f3n haya sido la de dominar a otrxs, a tus iguales, en lo que dar\u00ed\u00ada por justificado tu escrito tan defensor de democracia y finiquitado el m\u00ed\u00ado)-. Pero voy a confiar que no sea as\u00ed\u00ad. Continuo pues. \u00bfLlamas un arma democr\u00e1tico, la libertad? Si la libertad fuese restituida, la masa trabajadora no tendr\u00ed\u00ada que -mendigar- nunca m\u00e1s. La libertad pol\u00ed\u00adtica ser\u00ed\u00ada un hecho, \u00bfpero donde queda pues la igualdad, la libertad econ\u00f3mica? M\u00e1s, como no es as\u00ed\u00ad y s\u00f3lo  criticas la violencia de la parte que sufrimos esa desigualdad, te colocas t\u00fa mismo al otro lado de la barricada.<\/p>\n<p>Tu ciudad ideal sin violencia es una ficci\u00f3n. Materialmente es una utop\u00ed\u00ada en este podrido mundo. A mi tambi\u00e9n me gustar\u00ed\u00ada que un d\u00ed\u00ada se acabe la pesadilla de la violencia..pero como t\u00fa bien dices, los fantasmas del pasado , a los que no haces referencia  alguna, los presos y presas encarcelados por este sistema de dominaci\u00f3n, los desheredados y  las desheredadas, los luchadores y  las luchadoras sociales asesinados y asesinadas en todos los rincones por viles bestias est\u00e1n tan presentes como en esta hora; pero la violencia de la que t\u00fa haces gala es infinitamente menor que la violencia de la que te he comentado en p\u00e1rrafos anteriores.<\/p>\n<p>Te has dejado influenciar por esa canallada de victimistas,  esas fundaciones y asociaciones, asquerosas, jer\u00e1rquicas y lucrativas. Su bandera de victim\u00ed\u00adsmo ha calado hondo en ti. T\u00fa vas de lobo tambi\u00e9n al igual que ellos. Al igual que los gobiernos conspiradores que te han premiado. La lucha por su modelo de  paz es sencilla. La lucha por la paz, es quimera comparado con sus actos de terror.<\/p>\n<p>Puedes escribir lo que quieras, utiliza la poes\u00ed\u00ada, utiliza todo a tu alcance, si, toda tu energ\u00ed\u00ada, toda tu rabia y tu ira, toda tu pasi\u00f3n, todo tu temperamento, toda tu inteligencia, todo lo que la naturaleza universal pone a tu alcance, todo,  menos sus &#8220;garras blancas&#8221;\u009d para hablar de paz.<\/p>\n<p>Yo tambi\u00e9n tengo memoria y quiero ensalzar  la libertad como arma contra la violencia como t\u00fa bien dices; y es un honor decirte lo mismo que hace no mucho escribi\u00f3, una persona que fue encarcelada, v\u00ed\u00adctima de la violencia del estado y ahora felizmente libre: Terrorista tu padre!<\/p>\n<p>!Vivan los grupos y acciones armadas o sin armar anticapitalistas!<\/p>\n<p>Que te aprovechen tus 500 e. y tu placa conmemorativa. \u00bfconmemorativa, de qu\u00e9?<\/p>\n","protected":false},"excerpt":{"rendered":"<p>Conmemorativx nos comenta: A \u00ed\u0081lvaro Domingo y su escrito de victim\u00ed\u00adsmo rancio.<\/p>\n","protected":false},"author":13,"featured_media":0,"comment_status":"open","ping_status":"closed","sticky":false,"template":"","format":"standard","meta":[],"categories":[2,8],"tags":[],"_links":{"self":[{"href":"https:\/\/diariodevurgos.com\/dvwps\/wp-json\/wp\/v2\/posts\/1653"}],"collection":[{"href":"https:\/\/diariodevurgos.com\/dvwps\/wp-json\/wp\/v2\/posts"}],"about":[{"href":"https:\/\/diariodevurgos.com\/dvwps\/wp-json\/wp\/v2\/types\/post"}],"author":[{"embeddable":true,"href":"https:\/\/diariodevurgos.com\/dvwps\/wp-json\/wp\/v2\/users\/13"}],"replies":[{"embeddable":true,"href":"https:\/\/diariodevurgos.com\/dvwps\/wp-json\/wp\/v2\/comments?post=1653"}],"version-history":[{"count":0,"href":"https:\/\/diariodevurgos.com\/dvwps\/wp-json\/wp\/v2\/posts\/1653\/revisions"}],"wp:attachment":[{"href":"https:\/\/diariodevurgos.com\/dvwps\/wp-json\/wp\/v2\/media?parent=1653"}],"wp:term":[{"taxonomy":"category","embeddable":true,"href":"https:\/\/diariodevurgos.com\/dvwps\/wp-json\/wp\/v2\/categories?post=1653"},{"taxonomy":"post_tag","embeddable":true,"href":"https:\/\/diariodevurgos.com\/dvwps\/wp-json\/wp\/v2\/tags?post=1653"}],"curies":[{"name":"wp","href":"https:\/\/api.w.org\/{rel}","templated":true}]}}