{"id":16590,"date":"2016-06-29T09:22:51","date_gmt":"2016-06-29T08:22:51","guid":{"rendered":"http:\/\/diariodevurgos.com\/dvwps\/?p=16590"},"modified":"2016-06-30T09:40:54","modified_gmt":"2016-06-30T08:40:54","slug":"proyeccion-en-aranda-de-duero-del-documental-nestor-makho-un-campesino-de-ucrania","status":"publish","type":"post","link":"https:\/\/diariodevurgos.com\/dvwps\/proyeccion-en-aranda-de-duero-del-documental-nestor-makho-un-campesino-de-ucrania.php","title":{"rendered":"Proyecci\u00f3n en Aranda de Duero del documental &#8220;Nestor Makho, un campesino de Ucrania&#8221;"},"content":{"rendered":"<p class=\"lead\">Desde <a href=\"http:\/\/burgos.cnt.es\/node\/536\">CNT ARANDA<\/a> informamos que este jueves d\u00ed\u00ada <strong>30 de junio<\/strong> a las<strong> 8 de la tarde<\/strong> y con entrada libre proyectaremos en nuestro local un interesant\u00ed\u00adsimo documental sobre el movimiento libertario <em>makhnovista<\/em> en Ucrania que recoge los testimonios de historiadores y de familiares de los protagonistas silenciados durante los a\u00f1os de terror comunista. El Ej\u00e9rcito Makhnovista se enfrent\u00f3 a blancos y rojos alzando la bandera negra anarquista en Ucrania durante los a\u00f1os de la revoluci\u00f3n rusa.<\/p>\n<p style=\"text-align: center;\"><img loading=\"lazy\" class=\"aligncenter wp-image-16591\" src=\"http:\/\/diariodevurgos.com\/dvwps\/wp-content\/uploads\/2016\/06\/pelicula-4.jpg\" alt=\"pelicula 4\" width=\"359\" height=\"507\" srcset=\"https:\/\/diariodevurgos.com\/dvwps\/wp-content\/uploads\/2016\/06\/pelicula-4.jpg 2480w, https:\/\/diariodevurgos.com\/dvwps\/wp-content\/uploads\/2016\/06\/pelicula-4-212x300.jpg 212w, https:\/\/diariodevurgos.com\/dvwps\/wp-content\/uploads\/2016\/06\/pelicula-4-768x1086.jpg 768w, https:\/\/diariodevurgos.com\/dvwps\/wp-content\/uploads\/2016\/06\/pelicula-4-724x1024.jpg 724w, https:\/\/diariodevurgos.com\/dvwps\/wp-content\/uploads\/2016\/06\/pelicula-4-100x141.jpg 100w, https:\/\/diariodevurgos.com\/dvwps\/wp-content\/uploads\/2016\/06\/pelicula-4-150x212.jpg 150w, https:\/\/diariodevurgos.com\/dvwps\/wp-content\/uploads\/2016\/06\/pelicula-4-200x283.jpg 200w, https:\/\/diariodevurgos.com\/dvwps\/wp-content\/uploads\/2016\/06\/pelicula-4-300x424.jpg 300w, https:\/\/diariodevurgos.com\/dvwps\/wp-content\/uploads\/2016\/06\/pelicula-4-450x637.jpg 450w, https:\/\/diariodevurgos.com\/dvwps\/wp-content\/uploads\/2016\/06\/pelicula-4-600x849.jpg 600w, https:\/\/diariodevurgos.com\/dvwps\/wp-content\/uploads\/2016\/06\/pelicula-4-900x1273.jpg 900w\" sizes=\"(max-width: 359px) 100vw, 359px\" \/><\/p>\n","protected":false},"excerpt":{"rendered":"<p>Desde CNT ARANDA informamos que este jueves d\u00ed\u00ada 30 de junio a las 8 de la tarde y con entrada libre proyectaremos en nuestro local un interesant\u00ed\u00adsimo documental sobre el movimiento libertario makhnovista en Ucrania que recoge los testimonios de historiadores y de familiares de los protagonistas silenciados durante los a\u00f1os de terror comunista. El&#8230;  <a href=\"https:\/\/diariodevurgos.com\/dvwps\/proyeccion-en-aranda-de-duero-del-documental-nestor-makho-un-campesino-de-ucrania.php\" class=\"more-link\" title=\"Read Proyecci\u00f3n en Aranda de Duero del documental &#8220;Nestor Makho, un campesino de Ucrania&#8221;\">Read more &raquo;<\/a><\/p>\n","protected":false},"author":2,"featured_media":0,"comment_status":"open","ping_status":"closed","sticky":false,"template":"","format":"standard","meta":[],"categories":[70,62,57,6],"tags":[],"_links":{"self":[{"href":"https:\/\/diariodevurgos.com\/dvwps\/wp-json\/wp\/v2\/posts\/16590"}],"collection":[{"href":"https:\/\/diariodevurgos.com\/dvwps\/wp-json\/wp\/v2\/posts"}],"about":[{"href":"https:\/\/diariodevurgos.com\/dvwps\/wp-json\/wp\/v2\/types\/post"}],"author":[{"embeddable":true,"href":"https:\/\/diariodevurgos.com\/dvwps\/wp-json\/wp\/v2\/users\/2"}],"replies":[{"embeddable":true,"href":"https:\/\/diariodevurgos.com\/dvwps\/wp-json\/wp\/v2\/comments?post=16590"}],"version-history":[{"count":1,"href":"https:\/\/diariodevurgos.com\/dvwps\/wp-json\/wp\/v2\/posts\/16590\/revisions"}],"predecessor-version":[{"id":16592,"href":"https:\/\/diariodevurgos.com\/dvwps\/wp-json\/wp\/v2\/posts\/16590\/revisions\/16592"}],"wp:attachment":[{"href":"https:\/\/diariodevurgos.com\/dvwps\/wp-json\/wp\/v2\/media?parent=16590"}],"wp:term":[{"taxonomy":"category","embeddable":true,"href":"https:\/\/diariodevurgos.com\/dvwps\/wp-json\/wp\/v2\/categories?post=16590"},{"taxonomy":"post_tag","embeddable":true,"href":"https:\/\/diariodevurgos.com\/dvwps\/wp-json\/wp\/v2\/tags?post=16590"}],"curies":[{"name":"wp","href":"https:\/\/api.w.org\/{rel}","templated":true}]}}