{"id":16689,"date":"2016-07-27T19:30:05","date_gmt":"2016-07-27T18:30:05","guid":{"rendered":"http:\/\/diariodevurgos.com\/dvwps\/?p=16689"},"modified":"2016-07-27T19:30:05","modified_gmt":"2016-07-27T18:30:05","slug":"ix-edicion-del-encuentro-del-libro-anarquista-de-salamanca","status":"publish","type":"post","link":"https:\/\/diariodevurgos.com\/dvwps\/ix-edicion-del-encuentro-del-libro-anarquista-de-salamanca.php","title":{"rendered":"IX Edici\u00f3n del Encuentro del Libro Anarquista de Salamanca"},"content":{"rendered":"<p class=\"lead\">Un verano m\u00e1s <strong>Salamanca a<\/strong>coger\u00e1 una nueva edici\u00f3n del <strong>Encuentro del Libro Anarquista<\/strong> que se desarrollar\u00e1 el <strong>s\u00e1bado 13 de agosto<\/strong>. Para conocer el programa completo de esta nueva edici\u00f3n que tendr\u00e1 lugar en la capital <em>charra<\/em> puede consultarse la<a href=\"http:\/\/encuentrosalamanca.blogspot.com.es\/\"> web dedicada a este encuentro.<\/a> Al igual que en a\u00f1os anteriores, todas las actividades tendr\u00e1n lugar en la Plaza Barcelona de 11.00 a 22.00 horas.<\/p>\n<p style=\"text-align: center;\"><img loading=\"lazy\" class=\"alignnone\" src=\"https:\/\/2.bp.blogspot.com\/-UgVi06aCaQ8\/V5IBJrLPEgI\/AAAAAAAAAOA\/uiFjt9x_pLwZqI7kI8xnr7U6enPWn0raQCLcB\/s1600\/FERIA%2BDEL%2BLIBRO%2BSALAMANCA.jpg\" alt=\"\" width=\"362\" height=\"535\" \/><\/p>\n<p style=\"text-align: center;\">\n","protected":false},"excerpt":{"rendered":"<p>Un verano m\u00e1s Salamanca acoger\u00e1 una nueva edici\u00f3n del Encuentro del Libro Anarquista que se desarrollar\u00e1 el s\u00e1bado 13 de agosto. Para conocer el programa completo de esta nueva edici\u00f3n que tendr\u00e1 lugar en la capital charra puede consultarse la web dedicada a este encuentro. Al igual que en a\u00f1os anteriores, todas las actividades tendr\u00e1n&#8230;  <a href=\"https:\/\/diariodevurgos.com\/dvwps\/ix-edicion-del-encuentro-del-libro-anarquista-de-salamanca.php\" class=\"more-link\" title=\"Read IX Edici\u00f3n del Encuentro del Libro Anarquista de Salamanca\">Read more &raquo;<\/a><\/p>\n","protected":false},"author":2,"featured_media":0,"comment_status":"open","ping_status":"closed","sticky":false,"template":"","format":"standard","meta":[],"categories":[57,30,79,8],"tags":[],"_links":{"self":[{"href":"https:\/\/diariodevurgos.com\/dvwps\/wp-json\/wp\/v2\/posts\/16689"}],"collection":[{"href":"https:\/\/diariodevurgos.com\/dvwps\/wp-json\/wp\/v2\/posts"}],"about":[{"href":"https:\/\/diariodevurgos.com\/dvwps\/wp-json\/wp\/v2\/types\/post"}],"author":[{"embeddable":true,"href":"https:\/\/diariodevurgos.com\/dvwps\/wp-json\/wp\/v2\/users\/2"}],"replies":[{"embeddable":true,"href":"https:\/\/diariodevurgos.com\/dvwps\/wp-json\/wp\/v2\/comments?post=16689"}],"version-history":[{"count":1,"href":"https:\/\/diariodevurgos.com\/dvwps\/wp-json\/wp\/v2\/posts\/16689\/revisions"}],"predecessor-version":[{"id":16690,"href":"https:\/\/diariodevurgos.com\/dvwps\/wp-json\/wp\/v2\/posts\/16689\/revisions\/16690"}],"wp:attachment":[{"href":"https:\/\/diariodevurgos.com\/dvwps\/wp-json\/wp\/v2\/media?parent=16689"}],"wp:term":[{"taxonomy":"category","embeddable":true,"href":"https:\/\/diariodevurgos.com\/dvwps\/wp-json\/wp\/v2\/categories?post=16689"},{"taxonomy":"post_tag","embeddable":true,"href":"https:\/\/diariodevurgos.com\/dvwps\/wp-json\/wp\/v2\/tags?post=16689"}],"curies":[{"name":"wp","href":"https:\/\/api.w.org\/{rel}","templated":true}]}}