{"id":16805,"date":"2016-09-09T17:54:46","date_gmt":"2016-09-09T16:54:46","guid":{"rendered":"http:\/\/diariodevurgos.com\/dvwps\/?p=16805"},"modified":"2016-09-09T17:56:14","modified_gmt":"2016-09-09T16:56:14","slug":"los-encausados-por-las-protestas-contra-la-remodelacion-de-la-plaza-de-toros-se-enfrentan-a-una-sancion-de-18-000-euros","status":"publish","type":"post","link":"https:\/\/diariodevurgos.com\/dvwps\/los-encausados-por-las-protestas-contra-la-remodelacion-de-la-plaza-de-toros-se-enfrentan-a-una-sancion-de-18-000-euros.php","title":{"rendered":"Los encausados por las protestas contra la remodelaci\u00f3n de la plaza de Toros se enfrentan a una sanci\u00f3n de 18.000 euros"},"content":{"rendered":"<p class=\"lead\">El pr\u00f3ximo <strong>lunes 12 de septiembre<\/strong> se celebrar\u00e1 la vista oral del juicio al que se enfrentan las personas procesadas durante las protestas contra la remodelaci\u00f3n de la plaza de Toros. Los procesados se enfrentan a una sanci\u00f3n econ\u00f3mica de 18.000 euros interpuesta por la Subdelegaci\u00f3n del Gobierno de Burgos al hacerles responsables de <a href=\"http:\/\/diariodevurgos.com\/dvwps\/category\/plaza-de-toros\">los disturbios que se vivieron en noviembre de 2014 <\/a>durante las multitudinarias protestas que tuvieron lugar aquellos d\u00ed\u00adas.La \u00fanica prueba aportada por parte de Subdelegaci\u00f3n es la presencia de las seis personas que tendr\u00e1n que sentarse el lunes en el banquillo en una reuni\u00f3n p\u00fablica con el alcalde de Burgos, Francisco Javier Lacalle, <a href=\"http:\/\/diariodevurgos.com\/dvwps\/del-dialogo-y-la-represion.php\">donde les fue tomada previamente la filiaci\u00f3n por parte de la Polic\u00ed\u00ada Local.<\/a><\/p>\n<p style=\"text-align: center;\"><img loading=\"lazy\" class=\"aligncenter wp-image-16806\" src=\"http:\/\/diariodevurgos.com\/dvwps\/wp-content\/uploads\/2016\/09\/IMG_1135.jpg\" alt=\"img_1135\" width=\"597\" height=\"212\" srcset=\"https:\/\/diariodevurgos.com\/dvwps\/wp-content\/uploads\/2016\/09\/IMG_1135.jpg 1600w, https:\/\/diariodevurgos.com\/dvwps\/wp-content\/uploads\/2016\/09\/IMG_1135-300x107.jpg 300w, https:\/\/diariodevurgos.com\/dvwps\/wp-content\/uploads\/2016\/09\/IMG_1135-768x273.jpg 768w, https:\/\/diariodevurgos.com\/dvwps\/wp-content\/uploads\/2016\/09\/IMG_1135-1024x364.jpg 1024w, https:\/\/diariodevurgos.com\/dvwps\/wp-content\/uploads\/2016\/09\/IMG_1135-100x36.jpg 100w, https:\/\/diariodevurgos.com\/dvwps\/wp-content\/uploads\/2016\/09\/IMG_1135-150x53.jpg 150w, https:\/\/diariodevurgos.com\/dvwps\/wp-content\/uploads\/2016\/09\/IMG_1135-200x71.jpg 200w, https:\/\/diariodevurgos.com\/dvwps\/wp-content\/uploads\/2016\/09\/IMG_1135-450x160.jpg 450w, https:\/\/diariodevurgos.com\/dvwps\/wp-content\/uploads\/2016\/09\/IMG_1135-600x213.jpg 600w, https:\/\/diariodevurgos.com\/dvwps\/wp-content\/uploads\/2016\/09\/IMG_1135-900x320.jpg 900w\" sizes=\"(max-width: 597px) 100vw, 597px\" \/><\/p>\n<p>La adjudicaci\u00f3n de las obras de remodelaci\u00f3n de la plaza de Toros estuvo rodeada de <a href=\"https:\/\/www.diagonalperiodico.net\/libertades\/24608-gamonal-vuelve-movilizarse-por-nueva-adjudicacion-millonaria-mendez-pozo.html\">varias pol\u00e9micas que originaron una oleada de protestas ciudadanas<\/a>. Desde la <strong>Asamblea Contra la Especulaci\u00f3n<\/strong>, plataforma que se opon\u00ed\u00ada a la remodelaci\u00f3n del coso taurino, se argument\u00f3 que se trataba de una operaci\u00f3n con la que el consistorio burgal\u00e9s pretend\u00ed\u00ada resarcir al empresario <strong>Antonio Miguel M\u00e9ndez Pozo<\/strong>, participe de la UTE adjudicataria de las obras, por no haber podido realizar el bulevar de Gamonal que fue paralizado por las protestas de enero de 2014.<\/p>\n<p>Solidarios con los procesados convocan a una<strong> concentraci\u00f3n de apoyo<\/strong> que tendr\u00e1 lugar el propio<strong> lunes 12 de septiembre<\/strong> a partir de las <strong>12.00 horas<\/strong> frente a los <strong>juzgados de la avenida Reyes Cat\u00f3licos.<\/strong><\/p>\n","protected":false},"excerpt":{"rendered":"<p>El pr\u00f3ximo lunes 12 de septiembre se celebrar\u00e1 la vista oral del juicio al que se enfrentan las personas procesadas durante las protestas contra la remodelaci\u00f3n de la plaza de Toros. Los procesados se enfrentan a una sanci\u00f3n econ\u00f3mica de 18.000 euros interpuesta por la Subdelegaci\u00f3n del Gobierno de Burgos al hacerles responsables de los&#8230;  <a href=\"https:\/\/diariodevurgos.com\/dvwps\/los-encausados-por-las-protestas-contra-la-remodelacion-de-la-plaza-de-toros-se-enfrentan-a-una-sancion-de-18-000-euros.php\" class=\"more-link\" title=\"Read Los encausados por las protestas contra la remodelaci\u00f3n de la plaza de Toros se enfrentan a una sanci\u00f3n de 18.000 euros\">Read more &raquo;<\/a><\/p>\n","protected":false},"author":2,"featured_media":0,"comment_status":"open","ping_status":"closed","sticky":false,"template":"","format":"standard","meta":[],"categories":[2,57,81,17],"tags":[],"_links":{"self":[{"href":"https:\/\/diariodevurgos.com\/dvwps\/wp-json\/wp\/v2\/posts\/16805"}],"collection":[{"href":"https:\/\/diariodevurgos.com\/dvwps\/wp-json\/wp\/v2\/posts"}],"about":[{"href":"https:\/\/diariodevurgos.com\/dvwps\/wp-json\/wp\/v2\/types\/post"}],"author":[{"embeddable":true,"href":"https:\/\/diariodevurgos.com\/dvwps\/wp-json\/wp\/v2\/users\/2"}],"replies":[{"embeddable":true,"href":"https:\/\/diariodevurgos.com\/dvwps\/wp-json\/wp\/v2\/comments?post=16805"}],"version-history":[{"count":3,"href":"https:\/\/diariodevurgos.com\/dvwps\/wp-json\/wp\/v2\/posts\/16805\/revisions"}],"predecessor-version":[{"id":16809,"href":"https:\/\/diariodevurgos.com\/dvwps\/wp-json\/wp\/v2\/posts\/16805\/revisions\/16809"}],"wp:attachment":[{"href":"https:\/\/diariodevurgos.com\/dvwps\/wp-json\/wp\/v2\/media?parent=16805"}],"wp:term":[{"taxonomy":"category","embeddable":true,"href":"https:\/\/diariodevurgos.com\/dvwps\/wp-json\/wp\/v2\/categories?post=16805"},{"taxonomy":"post_tag","embeddable":true,"href":"https:\/\/diariodevurgos.com\/dvwps\/wp-json\/wp\/v2\/tags?post=16805"}],"curies":[{"name":"wp","href":"https:\/\/api.w.org\/{rel}","templated":true}]}}