{"id":1682,"date":"2008-07-23T21:09:34","date_gmt":"2008-07-23T20:09:34","guid":{"rendered":"http:\/\/diariodevurgos.com\/dvwps\/aniversario-del-desalojo-de-la-zarza.php"},"modified":"2008-08-15T02:16:55","modified_gmt":"2008-08-15T01:16:55","slug":"aniversario-del-desalojo-de-la-zarza","status":"publish","type":"post","link":"https:\/\/diariodevurgos.com\/dvwps\/aniversario-del-desalojo-de-la-zarza.php","title":{"rendered":"Aniversario del desalojo de La Zarza"},"content":{"rendered":"<p class=\"lead\">Desde hace unos a\u00f1os el poder Medi\u00e1tico-Pol\u00ed\u00adtico no puede seguir ocultando la especulaci\u00f3ny la estafa de pol\u00ed\u00adticos, bancos, constructores, inmobiliarias y dem\u00e1s robapobres; personas sin escr\u00fapulos que han amasado sus fortunas con nuestro sufrimiento.<\/p>\n<p align=\"center\"><img src=\"http:\/\/diariodevurgos.com\/dvwps\/wp-content\/uploads\/2008\/07\/cartel25julio.jpg\" id=\"image1683\" alt=\"cartel\" \/><\/p>\n<p><!--more--><\/p>\n<p>Hace un a\u00f1o exactamente, el espacio social ocupado La Zarza es desalojado por la violencia policial que a las 7 de la madrugada derriba la puerta y lanza pelotas de goma y aporrea a los que all\u00ed\u00ad se encontraban en ese momento.  Tras dos d\u00ed\u00adas en el calabozo pasan a disposici\u00f3n judicial y decretan libertad condicional a espera de juicio, bajo las acusaciones de usurpaci\u00f3n y desobediencia.    Lo que verdaderamente molestaba al poder no era que nos hubiesemos colado en uno de sus locales vac\u00ed\u00ados, sino las actividades que all\u00ed\u00ad se desarrollaban: pases de video, ciclos de cine, charlas debate, jornadas cr\u00ed\u00adticas, alg\u00fan concierto&#8230;  todo ello lejos de su l\u00f3gica institucional.<\/p>\n<p>Ahora tras un a\u00f1o del desalojo comprobamos como se encuentra de deteriorado un espacio que antes estaba abierto al barrio.  Por eso el pr\u00f3ximo viernes 25 de Julio se llevar\u00e1 a cabo una iniciativa en la plaza de Molino Salinas en Capiscol (junto al r\u00ed\u00ado).    Viernes 25 de julio  18 h m\u00fasica y diversas actividades de calle  20 h debate acerca de ocupaci\u00f3n como herramienta de lucha y la experiencia de La Zarza  22 h proyecci\u00f3n en pantalla gigante de la pel\u00ed\u00adcula V de Vendetta<\/p>\n<p align=\"center\"><img src=\"http:\/\/diariodevurgos.com\/dvwps\/wp-content\/uploads\/2008\/07\/dv076.jpg\" id=\"image1684\" alt=\"LaZarza1\" \/><\/p>\n<p align=\"center\"><img src=\"http:\/\/diariodevurgos.com\/dvwps\/wp-content\/uploads\/2008\/07\/dv-090.jpg\" id=\"image1686\" alt=\"LaZarza3\" \/><\/p>\n<p align=\"center\"><img src=\"http:\/\/diariodevurgos.com\/dvwps\/wp-content\/uploads\/2008\/07\/dv-073.jpg\" id=\"image1685\" alt=\"LaZarza2\" \/><\/p>\n<p><strong>Por la autoorganizaci\u00f3n en los barrios  <\/strong><\/p>\n<p><strong>Por la creaci\u00f3n de espacios liberados<\/strong><\/p>\n","protected":false},"excerpt":{"rendered":"<p>Desde hace unos a\u00f1os el poder Medi\u00e1tico-Pol\u00ed\u00adtico no puede seguir ocultando la especulaci\u00f3ny la estafa de pol\u00ed\u00adticos, bancos, constructores, inmobiliarias y dem\u00e1s robapobres; personas sin escr\u00fapulos que han amasado sus fortunas con nuestro sufrimiento.<\/p>\n","protected":false},"author":3,"featured_media":0,"comment_status":"open","ping_status":"closed","sticky":false,"template":"","format":"standard","meta":[],"categories":[2,12,14,20],"tags":[],"_links":{"self":[{"href":"https:\/\/diariodevurgos.com\/dvwps\/wp-json\/wp\/v2\/posts\/1682"}],"collection":[{"href":"https:\/\/diariodevurgos.com\/dvwps\/wp-json\/wp\/v2\/posts"}],"about":[{"href":"https:\/\/diariodevurgos.com\/dvwps\/wp-json\/wp\/v2\/types\/post"}],"author":[{"embeddable":true,"href":"https:\/\/diariodevurgos.com\/dvwps\/wp-json\/wp\/v2\/users\/3"}],"replies":[{"embeddable":true,"href":"https:\/\/diariodevurgos.com\/dvwps\/wp-json\/wp\/v2\/comments?post=1682"}],"version-history":[{"count":0,"href":"https:\/\/diariodevurgos.com\/dvwps\/wp-json\/wp\/v2\/posts\/1682\/revisions"}],"wp:attachment":[{"href":"https:\/\/diariodevurgos.com\/dvwps\/wp-json\/wp\/v2\/media?parent=1682"}],"wp:term":[{"taxonomy":"category","embeddable":true,"href":"https:\/\/diariodevurgos.com\/dvwps\/wp-json\/wp\/v2\/categories?post=1682"},{"taxonomy":"post_tag","embeddable":true,"href":"https:\/\/diariodevurgos.com\/dvwps\/wp-json\/wp\/v2\/tags?post=1682"}],"curies":[{"name":"wp","href":"https:\/\/api.w.org\/{rel}","templated":true}]}}